{"id":3080,"date":"2026-09-04T00:27:14","date_gmt":"2026-09-04T00:27:14","guid":{"rendered":"https:\/\/esteticaysalud.uy\/blog\/?p=3080"},"modified":"2026-09-04T16:48:15","modified_gmt":"2026-09-04T16:48:15","slug":"caminar-descalzo","status":"publish","type":"post","link":"https:\/\/esteticaysalud.uy\/blog\/caminar-descalzo\/","title":{"rendered":"Caminar descalzo"},"content":{"rendered":"<div class='booster-block booster-read-block'>\n                <div class=\"twp-read-time time-tx\">\n                \t<i class=\"booster-icon twp-clock\"><\/i> <span>Tiempo de lectura:<\/span>13 Minutos                <\/div>\n\n            <\/div>\n<h3 class=\"wp-block-heading\">Qu\u00e9 le pasa a nuestro cuerpo cuando caminamos descalzos.<\/h3>\n\n\n\n<p class=\"wp-block-paragraph\">Durante generaciones se repiti\u00f3 una advertencia casi autom\u00e1tica en muchas casas: \u201cPonete algo en los pies que te vas a resfriar\u201d. Bastaba ver a un ni\u00f1o caminando descalzo sobre el piso fr\u00edo para que aparecieran las medias, las pantuflas o los championes.<\/p>\n\n\n\n<p class=\"wp-block-paragraph\">La frase qued\u00f3 tan incorporada que todav\u00eda hoy muchas personas relacionan directamente el fr\u00edo en los pies con un resfr\u00edo, una gripe o dolor de garganta.<\/p>\n\n\n\n<p class=\"wp-block-paragraph\">Pero una cosa es sentir fr\u00edo y otra muy diferente contraer una infecci\u00f3n respiratoria.<\/p>\n\n\n\n<p class=\"wp-block-paragraph\">Los resfr\u00edos son provocados por virus. Los Centros para el Control y la Prevenci\u00f3n de Enfermedades de Estados Unidos recuerdan que existen m\u00e1s de 200 virus respiratorios capaces de producir s\u00edntomas de resfr\u00edo y que los rinovirus son los responsables m\u00e1s frecuentes. Caminar descalzo sobre un piso fr\u00edo no crea uno de esos virus dentro del organismo.<\/p>\n\n\n\n<p class=\"wp-block-paragraph\">Eso no quiere decir que tengamos que pasar todo el invierno con los pies congelados para demostrar algo. Si tenemos fr\u00edo, naturalmente podemos abrigarnos. El confort t\u00e9rmico importa y exponernos innecesariamente a temperaturas desagradables tampoco aporta un beneficio especial.<\/p>\n\n\n\n<p class=\"wp-block-paragraph\">Lo interesante es separar una vieja creencia de otro tema completamente distinto: <strong>caminar descalzo s\u00ed modifica la manera en la que utilizamos los pies<\/strong>, y existen investigaciones que intentan comprender si hacerlo de forma habitual puede aportar determinadas ventajas.<\/p>\n\n\n\n<p class=\"wp-block-paragraph\">La respuesta, como suele suceder, no es \u201candar descalzo cura todo\u201d ni \u201clos zapatos son malos\u201d.<\/p>\n\n\n\n<p class=\"wp-block-paragraph\">Es bastante m\u00e1s razonable.<\/p>\n\n\n\n<h3 class=\"wp-block-heading\">El pie est\u00e1 preparado para hacer mucho m\u00e1s que entrar dentro de un zapato<\/h3>\n\n\n\n<p class=\"wp-block-paragraph\">Cada pie es una estructura extraordinariamente compleja formada por huesos, articulaciones, ligamentos, tendones, m\u00fasculos y una enorme cantidad de receptores sensoriales.<\/p>\n\n\n\n<p class=\"wp-block-paragraph\">No funciona solamente como una plataforma sobre la que apoyamos el cuerpo.<\/p>\n\n\n\n<p class=\"wp-block-paragraph\">Mientras caminamos tiene que adaptarse al terreno, absorber fuerzas, proporcionar estabilidad y convertirse despu\u00e9s en una estructura suficientemente firme como para impulsarnos hacia el siguiente paso.<\/p>\n\n\n\n<p class=\"wp-block-paragraph\">Cuando caminamos descalzos, la planta est\u00e1 en contacto directo con la superficie. Percibimos temperatura, textura, peque\u00f1as irregularidades y cambios de presi\u00f3n que un calzado inevitablemente filtra en mayor o menor medida.<\/p>\n\n\n\n<p class=\"wp-block-paragraph\">Eso modifica la marcha.<\/p>\n\n\n\n<p class=\"wp-block-paragraph\">Una revisi\u00f3n sistem\u00e1tica que compar\u00f3 caminar descalzo con hacerlo utilizando calzado convencional encontr\u00f3 diferencias en variables biomec\u00e1nicas como longitud de paso, posici\u00f3n del pie, movimiento articular y activaci\u00f3n muscular. No significa que una de las dos maneras sea universalmente superior: significa que <strong>el cuerpo no camina exactamente igual con zapatos que sin ellos<\/strong>.<\/p>\n\n\n\n<p class=\"wp-block-paragraph\">Incluso estudios realizados con adultos j\u00f3venes y mayores muestran que cambiar de condici\u00f3n \u2014descalzo o calzado\u2014 modifica inmediatamente algunos par\u00e1metros de la marcha. Nuestro sistema locomotor tiene una enorme capacidad para adaptarse a la superficie y al calzado que utilizamos.<\/p>\n\n\n\n<h3 class=\"wp-block-heading\">Hay m\u00fasculos peque\u00f1os en el pie que tambi\u00e9n necesitan trabajar<\/h3>\n\n\n\n<p class=\"wp-block-paragraph\">Cuando hablamos de fortalecer piernas pensamos inmediatamente en cu\u00e1driceps, gemelos o gl\u00fateos. Los m\u00fasculos del propio pie reciben bastante menos atenci\u00f3n.<\/p>\n\n\n\n<p class=\"wp-block-paragraph\">Sin embargo, existen m\u00fasculos intr\u00ednsecos cuyo origen e inserci\u00f3n se encuentran dentro del pie y que participan en el control de los dedos, el arco y la estabilidad durante la marcha.<\/p>\n\n\n\n<p class=\"wp-block-paragraph\">Caminar descalzo cambia la forma en la que algunos m\u00fasculos del pie y de la pierna participan en cada paso.<\/p>\n\n\n\n<p class=\"wp-block-paragraph\">Un estudio realizado con 70 adultos de entre 20 y 87 a\u00f1os encontr\u00f3 diferencias en la activaci\u00f3n de m\u00fasculos del miembro inferior al comparar marcha descalza, calzado minimalista y calzado convencional. Los autores observaron que caminar descalzo o con calzado minimalista modificaba los patrones de activaci\u00f3n muscular y la mec\u00e1nica del tobillo.<\/p>\n\n\n\n<p class=\"wp-block-paragraph\">Investigaciones posteriores tambi\u00e9n encontraron mayor activaci\u00f3n de determinadas zonas del gastrocnemio al caminar o trotar descalzo frente al uso de calzado convencional.<\/p>\n\n\n\n<p class=\"wp-block-paragraph\">Eso no quiere decir que dar diez vueltas descalzo alrededor del living vaya a \u201cfortalecer el pie\u201d de manera espectacular.<\/p>\n\n\n\n<p class=\"wp-block-paragraph\">La evidencia m\u00e1s interesante aparece cuando el trabajo descalzo o con calzado minimalista forma parte de un entrenamiento progresivo que incluye equilibrio, fuerza y control.<\/p>\n\n\n\n<p class=\"wp-block-paragraph\">Una revisi\u00f3n sistem\u00e1tica publicada en 2025 analiz\u00f3 siete estudios con 213 participantes y encontr\u00f3 mejoras en volumen muscular, fuerza de los flexores de los dedos, funci\u00f3n del arco y algunos par\u00e1metros neuromusculares despu\u00e9s de programas de entrenamiento realizados descalzo o con calzado minimalista. Los propios autores advirtieron, sin embargo, que los estudios eran peque\u00f1os y utilizaban protocolos muy diferentes.<\/p>\n\n\n\n<p class=\"wp-block-paragraph\">Es decir, existe una se\u00f1al interesante.<\/p>\n\n\n\n<p class=\"wp-block-paragraph\">Pero todav\u00eda no una receta universal.<\/p>\n\n\n\n<h3 class=\"wp-block-heading\">Sentir el suelo tambi\u00e9n forma parte del equilibrio<\/h3>\n\n\n\n<p class=\"wp-block-paragraph\">Cuando apoyamos el pie recibimos informaci\u00f3n sobre d\u00f3nde est\u00e1 nuestro cuerpo y qu\u00e9 est\u00e1 ocurriendo debajo.<\/p>\n\n\n\n<p class=\"wp-block-paragraph\">A esa capacidad general de detectar posici\u00f3n y movimiento corporal la relacionamos con la propiocepci\u00f3n.<\/p>\n\n\n\n<p class=\"wp-block-paragraph\">Caminar descalzo aumenta la informaci\u00f3n t\u00e1ctil que llega desde la planta del pie porque no existe una suela interpuesta entre la piel y el suelo. Esto puede cambiar la estrategia con la que controlamos el equilibrio y ajustamos cada paso.<\/p>\n\n\n\n<p class=\"wp-block-paragraph\">Ahora bien, de ah\u00ed a afirmar que andar descalzo \u201cmejora autom\u00e1ticamente el equilibrio\u201d hay una diferencia.<\/p>\n\n\n\n<p class=\"wp-block-paragraph\">Los estudios muestran modificaciones en variables de estabilidad y coordinaci\u00f3n, pero los resultados dependen de la edad, la superficie, la velocidad y la experiencia de la persona.<\/p>\n\n\n\n<p class=\"wp-block-paragraph\">Por ejemplo, una investigaci\u00f3n que compar\u00f3 adultos j\u00f3venes y mayores caminando dentro y fuera de un laboratorio encontr\u00f3 diferencias entre marcha con calzado y descalza, aunque no todas pod\u00edan interpretarse simplemente como una mejora en una de las condiciones.<\/p>\n\n\n\n<p class=\"wp-block-paragraph\">Otro estudio realizado con adultos sanos encontr\u00f3 que quitarse el calzado no modificaba de manera significativa una medida global de estabilidad durante la marcha.<\/p>\n\n\n\n<p class=\"wp-block-paragraph\">Por eso resulta m\u00e1s correcto decir que caminar descalzo <strong>proporciona un est\u00edmulo sensorial diferente<\/strong>, que puede utilizarse dentro de determinadas actividades de equilibrio y rehabilitaci\u00f3n, en lugar de prometer que por s\u00ed solo solucionar\u00e1 problemas posturales.<\/p>\n\n\n\n<h3 class=\"wp-block-heading\">En los ni\u00f1os la discusi\u00f3n es todav\u00eda m\u00e1s interesante<\/h3>\n\n\n\n<p class=\"wp-block-paragraph\">Los pies de un ni\u00f1o no son simplemente versiones peque\u00f1as de los de un adulto.<\/p>\n\n\n\n<p class=\"wp-block-paragraph\">Est\u00e1n desarroll\u00e1ndose.<\/p>\n\n\n\n<p class=\"wp-block-paragraph\">Eso hace que el papel del calzado durante la infancia lleve d\u00e9cadas generando preguntas entre pediatras, fisioterapeutas, especialistas en biomec\u00e1nica y profesionales de la salud del pie.<\/p>\n\n\n\n<p class=\"wp-block-paragraph\">Diversos estudios han comparado ni\u00f1os que crecen habitualmente descalzos con aquellos que utilizan calzado durante buena parte del d\u00eda.<\/p>\n\n\n\n<p class=\"wp-block-paragraph\">Una investigaci\u00f3n con <strong>810 ni\u00f1os y adolescentes<\/strong> encontr\u00f3 diferencias en la morfolog\u00eda del arco y en el \u00e1ngulo del dedo gordo entre quienes estaban acostumbrados a vivir descalzos y quienes usaban calzado habitualmente. Los resultados suger\u00edan que el h\u00e1bito de calzado pod\u00eda influir en el desarrollo del pie.<\/p>\n\n\n\n<p class=\"wp-block-paragraph\">Pero conviene no convertir ese trabajo en la conclusi\u00f3n de que todos los ni\u00f1os deber\u00edan dejar los zapatos.<\/p>\n\n\n\n<p class=\"wp-block-paragraph\">Una revisi\u00f3n posterior sobre desarrollo del pie infantil encontr\u00f3 resultados contradictorios en algunas medidas y se\u00f1al\u00f3 importantes limitaciones metodol\u00f3gicas. Entre otras cosas, es dif\u00edcil separar el efecto del calzado de factores como actividad f\u00edsica, peso corporal, edad, cultura, superficie sobre la que caminan y caracter\u00edsticas de la poblaci\u00f3n estudiada.<\/p>\n\n\n\n<p class=\"wp-block-paragraph\">Otra revisi\u00f3n sistem\u00e1tica confirm\u00f3 que el calzado modifica distintos par\u00e1metros de la marcha infantil, pero tambi\u00e9n remarc\u00f3 la necesidad de seguir investigando c\u00f3mo influyen los diferentes tipos de zapatos durante el desarrollo.<\/p>\n\n\n\n<p class=\"wp-block-paragraph\">La conclusi\u00f3n pr\u00e1ctica es bastante sencilla: en un entorno seguro, permitir que un ni\u00f1o sano pase per\u00edodos descalzo puede darle libertad para mover dedos, sentir superficies y utilizar el pie sin restricciones innecesarias.<\/p>\n\n\n\n<p class=\"wp-block-paragraph\">Eso no significa llevarlo descalzo a cualquier lugar.<\/p>\n\n\n\n<h3 class=\"wp-block-heading\">Un buen zapato sigue teniendo una funci\u00f3n muy importante<\/h3>\n\n\n\n<p class=\"wp-block-paragraph\">A veces las conversaciones sobre caminar descalzo terminan convirti\u00e9ndose en una especie de batalla contra el calzado.<\/p>\n\n\n\n<p class=\"wp-block-paragraph\">No deber\u00eda ser as\u00ed.<\/p>\n\n\n\n<p class=\"wp-block-paragraph\">El zapato protege.<\/p>\n\n\n\n<p class=\"wp-block-paragraph\">Nos separa de superficies extremadamente calientes o fr\u00edas, vidrios, objetos cortantes, piedras, suciedad y otros elementos que pueden producir lesiones. En determinadas actividades deportivas proporciona tracci\u00f3n y protecci\u00f3n espec\u00edficas. En el trabajo puede ser un elemento de seguridad indispensable.<\/p>\n\n\n\n<p class=\"wp-block-paragraph\">Tambi\u00e9n existen personas que necesitan soporte, plantillas o determinado tipo de calzado debido a una lesi\u00f3n, una deformidad, una alteraci\u00f3n de la marcha o una condici\u00f3n m\u00e9dica.<\/p>\n\n\n\n<p class=\"wp-block-paragraph\">La cuesti\u00f3n no es zapatos contra pies.<\/p>\n\n\n\n<p class=\"wp-block-paragraph\">Es utilizar el calzado cuando aporta una funci\u00f3n y permitir cierta libertad al pie cuando el entorno resulta seguro.<\/p>\n\n\n\n<p class=\"wp-block-paragraph\">Dentro de nuestra propia casa, sobre un piso limpio y sin peligros, la situaci\u00f3n es muy distinta de caminar descalzo por una vereda, una plaza o un vestuario p\u00fablico.<\/p>\n\n\n\n<h3 class=\"wp-block-heading\">Andar descalzo provoca pie plano?<\/h3>\n\n\n\n<p class=\"wp-block-paragraph\">Tampoco existe evidencia para afirmar que caminar descalzo provoque pie plano.<\/p>\n\n\n\n<p class=\"wp-block-paragraph\">De hecho, algunos estudios observacionales han encontrado arcos diferentes entre poblaciones habituadas a andar descalzas y aquellas acostumbradas al calzado.<\/p>\n\n\n\n<p class=\"wp-block-paragraph\">Pero hay que tener cuidado con interpretar qu\u00e9 significa un arco \u201cm\u00e1s alto\u201d o \u201cm\u00e1s bajo\u201d.<\/p>\n\n\n\n<p class=\"wp-block-paragraph\">El pie plano flexible es extremadamente com\u00fan durante la infancia y muchas veces forma parte del desarrollo normal. La forma visible del arco tampoco determina por s\u00ed sola si una persona tendr\u00e1 dolor o problemas para caminar.<\/p>\n\n\n\n<p class=\"wp-block-paragraph\">Y el calzado no deber\u00eda utilizarse como una supuesta herramienta para fabricar un arco normal en un ni\u00f1o sano sin una indicaci\u00f3n cl\u00ednica.<\/p>\n\n\n\n<p class=\"wp-block-paragraph\">La literatura pedi\u00e1trica lleva mucho tiempo cuestionando el uso indiscriminado de \u201czapatos correctivos\u201d en ni\u00f1os sin patolog\u00edas espec\u00edficas.<\/p>\n\n\n\n<p class=\"wp-block-paragraph\">Cuando existe dolor, rigidez, desgaste muy asim\u00e9trico del calzado, alteraciones importantes de la marcha o preocupaci\u00f3n por el desarrollo del pie, ah\u00ed s\u00ed conviene una evaluaci\u00f3n profesional.<\/p>\n\n\n\n<h3 class=\"wp-block-heading\">El piso fr\u00edo no introduce un virus por los pies<\/h3>\n\n\n\n<p class=\"wp-block-paragraph\">Volvamos a aquella frase de las abuelas porque merece una explicaci\u00f3n clara.<\/p>\n\n\n\n<p class=\"wp-block-paragraph\">Un resfr\u00edo necesita un virus.<\/p>\n\n\n\n<p class=\"wp-block-paragraph\">Podemos adquirirlo cuando entramos en contacto con secreciones respiratorias o part\u00edculas que contienen alguno de los virus capaces de producir estas infecciones. El CDC se\u00f1ala que los resfr\u00edos pueden presentarse en cualquier \u00e9poca del a\u00f1o y son causados por virus respiratorios.<\/p>\n\n\n\n<p class=\"wp-block-paragraph\">Por lo tanto, caminar descalzo sobre cer\u00e1mica fr\u00eda no puede, por s\u00ed solo, producir un resfr\u00edo.<\/p>\n\n\n\n<p class=\"wp-block-paragraph\">Otra discusi\u00f3n cient\u00edfica es si determinadas condiciones ambientales, como bajas temperaturas y baja humedad, pueden modificar la supervivencia de algunos virus, nuestra conducta social o ciertos mecanismos locales de defensa de las v\u00edas respiratorias.<\/p>\n\n\n\n<p class=\"wp-block-paragraph\">Eso podr\u00eda ayudar a explicar por qu\u00e9 determinadas infecciones respiratorias son m\u00e1s frecuentes en \u00e9pocas fr\u00edas.<\/p>\n\n\n\n<p class=\"wp-block-paragraph\">Pero es completamente diferente de decir que alguien se enferm\u00f3 porque \u201cle entr\u00f3 fr\u00edo por los pies\u201d.<\/p>\n\n\n\n<p class=\"wp-block-paragraph\">Para resfriarse tiene que existir exposici\u00f3n a un virus.<\/p>\n\n\n\n<p class=\"wp-block-paragraph\">As\u00ed que un ni\u00f1o descalzo en casa no va a crear un rinovirus por pisar un mosaico fr\u00edo.<\/p>\n\n\n\n<p class=\"wp-block-paragraph\">Puede simplemente tener los pies fr\u00edos.<\/p>\n\n\n\n<p class=\"wp-block-paragraph\">Y si est\u00e1 inc\u00f3modo, ah\u00ed s\u00ed tiene bastante sentido ponerse medias.<\/p>\n\n\n\n<h3 class=\"wp-block-heading\">Caminar descalzo sobre pasto o arena es mejor?<\/h3>\n\n\n\n<p class=\"wp-block-paragraph\">Aqu\u00ed aparece otra idea muy popular: que caminar descalzo sobre superficies naturales tiene propiedades especiales.<\/p>\n\n\n\n<p class=\"wp-block-paragraph\">Desde el punto de vista mec\u00e1nico s\u00ed existe una diferencia.<\/p>\n\n\n\n<p class=\"wp-block-paragraph\">La arena, el c\u00e9sped y una superficie irregular obligan al pie y al cuerpo a realizar ajustes que no son exactamente iguales a los de un piso completamente plano.<\/p>\n\n\n\n<p class=\"wp-block-paragraph\">Caminar sobre arena, por ejemplo, cambia la mec\u00e1nica corporal porque la superficie se deforma.<\/p>\n\n\n\n<p class=\"wp-block-paragraph\">Eso puede utilizarse como parte de determinadas actividades f\u00edsicas.<\/p>\n\n\n\n<p class=\"wp-block-paragraph\">Pero no hace falta atribuirle propiedades misteriosas.<\/p>\n\n\n\n<p class=\"wp-block-paragraph\">Existe una tendencia conocida como <em>grounding<\/em> o <em>earthing<\/em> que sostiene que el contacto directo del cuerpo con la tierra produce beneficios sist\u00e9micos debido al intercambio el\u00e9ctrico con el suelo. Se han publicado peque\u00f1os estudios sobre esta hip\u00f3tesis, pero la evidencia disponible no permite considerarla un tratamiento demostrado para inflamaci\u00f3n, estr\u00e9s, sue\u00f1o u otras enfermedades.<\/p>\n\n\n\n<p class=\"wp-block-paragraph\">Caminar por el pasto porque resulta agradable, permite sentir diferentes texturas y nos invita a movernos al aire libre ya tiene suficientes razones para ser disfrutable.<\/p>\n\n\n\n<p class=\"wp-block-paragraph\">No necesitamos agregarle una explicaci\u00f3n extraordinaria.<\/p>\n\n\n\n<h3 class=\"wp-block-heading\">Empezar de golpe puede dar molestias<\/h3>\n\n\n\n<p class=\"wp-block-paragraph\">Una persona que pas\u00f3 toda su vida utilizando calzado no deber\u00eda interpretar este art\u00edculo como una invitaci\u00f3n a salir ma\u00f1ana a caminar diez kil\u00f3metros descalza.<\/p>\n\n\n\n<p class=\"wp-block-paragraph\">Cambiar de calzado modifica cargas.<\/p>\n\n\n\n<p class=\"wp-block-paragraph\">Y el cuerpo necesita adaptarse.<\/p>\n\n\n\n<p class=\"wp-block-paragraph\">Si alguien empieza a caminar o correr descalzo durante mucho tiempo sin preparaci\u00f3n, puede terminar con dolor en la planta, gemelos cargados, ampollas o molestias relacionadas con el incremento brusco del esfuerzo.<\/p>\n\n\n\n<p class=\"wp-block-paragraph\">Es la misma l\u00f3gica que utilizamos con cualquier ejercicio.<\/p>\n\n\n\n<p class=\"wp-block-paragraph\">Una dosis que el cuerpo tolera puede ser \u00fatil.<\/p>\n\n\n\n<p class=\"wp-block-paragraph\">La misma actividad multiplicada repentinamente puede convertirse en una sobrecarga.<\/p>\n\n\n\n<p class=\"wp-block-paragraph\">Si la idea es experimentar, comenzar unos minutos dentro de casa sobre una superficie segura y aumentar progresivamente es bastante m\u00e1s razonable.<\/p>\n\n\n\n<p class=\"wp-block-paragraph\">No hay que demostrar nada.<\/p>\n\n\n\n<h3 class=\"wp-block-heading\">Correr descalzo es una discusi\u00f3n diferente<\/h3>\n\n\n\n<p class=\"wp-block-paragraph\">Caminar descalzo durante un rato en casa no deber\u00eda confundirse con adoptar el <em>barefoot running<\/em>.<\/p>\n\n\n\n<p class=\"wp-block-paragraph\">Correr genera cargas y fuerzas mucho mayores.<\/p>\n\n\n\n<p class=\"wp-block-paragraph\">Los corredores que pasan de calzado convencional a minimalista o a correr descalzos suelen modificar la t\u00e9cnica de apoyo y la distribuci\u00f3n de cargas entre pie, tobillo, pantorrilla y otras estructuras.<\/p>\n\n\n\n<p class=\"wp-block-paragraph\">No existe evidencia suficiente para afirmar que correr descalzo evite lesiones de forma universal.<\/p>\n\n\n\n<p class=\"wp-block-paragraph\">Puede reducir determinadas cargas y aumentar otras.<\/p>\n\n\n\n<p class=\"wp-block-paragraph\">Por eso alguien que desea hacer una transici\u00f3n importante en su forma de correr deber\u00eda hacerlo gradualmente, especialmente si tiene antecedentes de lesiones.<\/p>\n\n\n\n<p class=\"wp-block-paragraph\">Este art\u00edculo habla fundamentalmente de algo mucho m\u00e1s cotidiano: permitir que nuestros pies est\u00e9n libres durante parte del d\u00eda cuando el entorno lo permite.<\/p>\n\n\n\n<h3 class=\"wp-block-heading\">Hay personas que directamente no deber\u00edan caminar descalzas<\/h3>\n\n\n\n<p class=\"wp-block-paragraph\">Esta es una de las excepciones m\u00e1s importantes.<\/p>\n\n\n\n<p class=\"wp-block-paragraph\">Las personas con <strong>diabetes y neuropat\u00eda perif\u00e9rica<\/strong> pueden tener una sensibilidad reducida en los pies. Eso significa que podr\u00edan pisar algo caliente, cortarse o desarrollar una ampolla sin sentirla adecuadamente.<\/p>\n\n\n\n<p class=\"wp-block-paragraph\">Si adem\u00e1s existe mala circulaci\u00f3n, una peque\u00f1a lesi\u00f3n puede tardar m\u00e1s en curar y complicarse.<\/p>\n\n\n\n<p class=\"wp-block-paragraph\">Por este motivo, tanto los CDC como la American Diabetes Association recomiendan expresamente a las personas con diabetes de riesgo <strong>no caminar descalzas, ni siquiera dentro de casa<\/strong>, y utilizar un calzado adecuado que proteja los pies.<\/p>\n\n\n\n<p class=\"wp-block-paragraph\">La misma prudencia tiene sentido en personas con p\u00e9rdida importante de sensibilidad por otras causas, heridas abiertas, problemas vasculares relevantes o determinadas alteraciones neurol\u00f3gicas.<\/p>\n\n\n\n<p class=\"wp-block-paragraph\">Aqu\u00ed el beneficio sensorial potencial de ir descalzo pesa much\u00edsimo menos que evitar una lesi\u00f3n.<\/p>\n\n\n\n<h3 class=\"wp-block-heading\">Tambi\u00e9n importa d\u00f3nde lo hacemos<\/h3>\n\n\n\n<p class=\"wp-block-paragraph\">No todos los pisos son iguales.<\/p>\n\n\n\n<p class=\"wp-block-paragraph\">Dentro de casa podemos conocer razonablemente bien la superficie.<\/p>\n\n\n\n<p class=\"wp-block-paragraph\">En el exterior aparecen variables dif\u00edciles de controlar.<\/p>\n\n\n\n<p class=\"wp-block-paragraph\">Un trozo peque\u00f1o de vidrio.<\/p>\n\n\n\n<p class=\"wp-block-paragraph\">Una piedra cortante.<\/p>\n\n\n\n<p class=\"wp-block-paragraph\">Metal.<\/p>\n\n\n\n<p class=\"wp-block-paragraph\">Espinas.<\/p>\n\n\n\n<p class=\"wp-block-paragraph\">Asfalto caliente.<\/p>\n\n\n\n<p class=\"wp-block-paragraph\">Restos de animales.<\/p>\n\n\n\n<p class=\"wp-block-paragraph\">Superficies contaminadas.<\/p>\n\n\n\n<p class=\"wp-block-paragraph\">En piscinas, duchas compartidas y vestuarios tambi\u00e9n existe mayor exposici\u00f3n a microorganismos capaces de producir infecciones cut\u00e1neas o verrugas.<\/p>\n\n\n\n<p class=\"wp-block-paragraph\">Por eso la recomendaci\u00f3n no deber\u00eda ser \u201cand\u00e1 descalzo siempre\u201d.<\/p>\n\n\n\n<p class=\"wp-block-paragraph\">Podr\u00eda formularse de una manera bastante m\u00e1s sensata:<\/p>\n\n\n\n<p class=\"wp-block-paragraph\"><strong>dej\u00e1 que tus pies trabajen sin calzado cuando sea seguro hacerlo.<\/strong><\/p>\n\n\n\n<h3 class=\"wp-block-heading\">Estar descalzo tampoco corrige autom\u00e1ticamente la postura<\/h3>\n\n\n\n<p class=\"wp-block-paragraph\">La palabra \u201cpostura\u201d aparece constantemente alrededor de este tema.<\/p>\n\n\n\n<p class=\"wp-block-paragraph\">Es cierto que los pies forman parte de una cadena mec\u00e1nica que incluye tobillos, rodillas, caderas, pelvis y columna. Cambiar la forma de apoyar puede modificar movimientos en otras articulaciones.<\/p>\n\n\n\n<p class=\"wp-block-paragraph\">Pero eso no significa que quitarse los zapatos \u201crealinee todo el cuerpo\u201d.<\/p>\n\n\n\n<p class=\"wp-block-paragraph\">La postura humana cambia constantemente.<\/p>\n\n\n\n<p class=\"wp-block-paragraph\">No existe una \u00fanica posici\u00f3n perfecta que tengamos que mantener durante todo el d\u00eda y much\u00edsimos dolores musculoesquel\u00e9ticos tienen causas multifactoriales.<\/p>\n\n\n\n<p class=\"wp-block-paragraph\">Caminar descalzo puede cambiar la informaci\u00f3n sensorial y la mec\u00e1nica del paso. En algunas personas puede formar parte de un programa de rehabilitaci\u00f3n o fortalecimiento.<\/p>\n\n\n\n<p class=\"wp-block-paragraph\">No reemplaza una evaluaci\u00f3n cuando existe dolor persistente.<\/p>\n\n\n\n<h3 class=\"wp-block-heading\">Una peque\u00f1a libertad para los pies<\/h3>\n\n\n\n<p class=\"wp-block-paragraph\">Quiz\u00e1s hemos pasado demasiado tiempo buscando una respuesta extrema.<\/p>\n\n\n\n<p class=\"wp-block-paragraph\">O zapatos siempre.<\/p>\n\n\n\n<p class=\"wp-block-paragraph\">O zapatos nunca.<\/p>\n\n\n\n<p class=\"wp-block-paragraph\">La realidad permite algo bastante m\u00e1s c\u00f3modo.<\/p>\n\n\n\n<p class=\"wp-block-paragraph\">Si estamos sanos, no tenemos alteraciones de sensibilidad y el entorno es seguro, caminar descalzos durante parte del d\u00eda puede ser una manera sencilla de ofrecer al pie un est\u00edmulo diferente.<\/p>\n\n\n\n<p class=\"wp-block-paragraph\">Sentimos la superficie.<\/p>\n\n\n\n<p class=\"wp-block-paragraph\">Movemos los dedos con libertad.<\/p>\n\n\n\n<p class=\"wp-block-paragraph\">Utilizamos m\u00fasculos de otra manera.<\/p>\n\n\n\n<p class=\"wp-block-paragraph\">Nuestro patr\u00f3n de marcha cambia ligeramente.<\/p>\n\n\n\n<p class=\"wp-block-paragraph\">En los ni\u00f1os, adem\u00e1s, permitir momentos de movimiento sin calzado parece compatible con el desarrollo natural del pie, aunque todav\u00eda falta investigaci\u00f3n para establecer cu\u00e1nto influye a largo plazo.<\/p>\n\n\n\n<p class=\"wp-block-paragraph\">Eso es suficientemente interesante sin convertirlo en una terapia.<\/p>\n\n\n\n<p class=\"wp-block-paragraph\">Y respecto de aquel temor que probablemente muchos escuchamos desde chicos, podemos quedarnos tranquilos: <strong>un suelo fr\u00edo puede enfriar los pies, pero no fabrica el virus que causa un resfr\u00edo<\/strong>.<\/p>\n\n\n\n<p class=\"wp-block-paragraph\">Si hace fr\u00edo y estamos inc\u00f3modos, usemos medias.<\/p>\n\n\n\n<p class=\"wp-block-paragraph\">Si estamos c\u00f3modos, la casa es segura y nuestros pies est\u00e1n sanos, no hay una raz\u00f3n m\u00e9dica general para entrar en p\u00e1nico porque estemos descalzos.<\/p>\n\n\n\n<p class=\"wp-block-paragraph\">Tal vez, despu\u00e9s de tantos a\u00f1os encerr\u00e1ndolos en zapatos desde que nos levantamos hasta que nos acostamos, tampoco est\u00e9 mal dejarlos trabajar un rato por su cuenta.<\/p>\n","protected":false},"excerpt":{"rendered":"<p>Qu\u00e9 le pasa a nuestro cuerpo cuando caminamos descalzos. Durante generaciones se repiti\u00f3 una advertencia casi autom\u00e1tica en muchas casas: \u201cPonete algo en los pies que te vas a resfriar\u201d. Bastaba ver a un ni\u00f1o caminando descalzo sobre el piso fr\u00edo para que aparecieran las medias, las pantuflas o los championes. La frase qued\u00f3 tan [&hellip;]<\/p>\n","protected":false},"author":1,"featured_media":3081,"comment_status":"closed","ping_status":"closed","sticky":false,"template":"","format":"standard","meta":{"inline_featured_image":false,"footnotes":""},"categories":[1228,1147,743],"tags":[3751,203,2466,1226,2436,3438,2527,256,2053,3756,3752,3755,3439,1511,3753,3750,2459],"class_list":["post-3080","post","type-post","status-publish","format-standard","has-post-thumbnail","hentry","category-bienestar-fisico","category-habitos-saludables","category-salud-infantil","tag-andar-descalzo","tag-bienestar","tag-biomecanica","tag-calzado","tag-caminar","tag-caminar-descalzo","tag-desarrollo-infantil","tag-diabetes","tag-equilibrio","tag-neuropatia","tag-ninos-descalzos","tag-pie-plano","tag-pies","tag-postura","tag-propiocepcion","tag-resfrio","tag-salud-de-los-pies"],"_links":{"self":[{"href":"https:\/\/esteticaysalud.uy\/blog\/wp-json\/wp\/v2\/posts\/3080","targetHints":{"allow":["GET"]}}],"collection":[{"href":"https:\/\/esteticaysalud.uy\/blog\/wp-json\/wp\/v2\/posts"}],"about":[{"href":"https:\/\/esteticaysalud.uy\/blog\/wp-json\/wp\/v2\/types\/post"}],"author":[{"embeddable":true,"href":"https:\/\/esteticaysalud.uy\/blog\/wp-json\/wp\/v2\/users\/1"}],"replies":[{"embeddable":true,"href":"https:\/\/esteticaysalud.uy\/blog\/wp-json\/wp\/v2\/comments?post=3080"}],"version-history":[{"count":1,"href":"https:\/\/esteticaysalud.uy\/blog\/wp-json\/wp\/v2\/posts\/3080\/revisions"}],"predecessor-version":[{"id":3082,"href":"https:\/\/esteticaysalud.uy\/blog\/wp-json\/wp\/v2\/posts\/3080\/revisions\/3082"}],"wp:featuredmedia":[{"embeddable":true,"href":"https:\/\/esteticaysalud.uy\/blog\/wp-json\/wp\/v2\/media\/3081"}],"wp:attachment":[{"href":"https:\/\/esteticaysalud.uy\/blog\/wp-json\/wp\/v2\/media?parent=3080"}],"wp:term":[{"taxonomy":"category","embeddable":true,"href":"https:\/\/esteticaysalud.uy\/blog\/wp-json\/wp\/v2\/categories?post=3080"},{"taxonomy":"post_tag","embeddable":true,"href":"https:\/\/esteticaysalud.uy\/blog\/wp-json\/wp\/v2\/tags?post=3080"}],"curies":[{"name":"wp","href":"https:\/\/api.w.org\/{rel}","templated":true}]}}