{"id":3076,"date":"2026-09-03T00:27:42","date_gmt":"2026-09-03T00:27:42","guid":{"rendered":"https:\/\/esteticaysalud.uy\/blog\/?p=3076"},"modified":"2026-09-04T16:38:02","modified_gmt":"2026-09-04T16:38:02","slug":"radiofrecuencia-indiba","status":"publish","type":"post","link":"https:\/\/esteticaysalud.uy\/blog\/radiofrecuencia-indiba\/","title":{"rendered":"Radiofrecuencia INDIBA"},"content":{"rendered":"<div class='booster-block booster-read-block'>\n                <div class=\"twp-read-time time-tx\">\n                \t<i class=\"booster-icon twp-clock\"><\/i> <span>Tiempo de lectura:<\/span>13 Minutos                <\/div>\n\n            <\/div>\n<h3 class=\"wp-block-heading\">Para el rostro: beneficios, resultados y cuidados.<\/h3>\n\n\n\n<p class=\"wp-block-paragraph\">La radiofrecuencia lleva a\u00f1os ocupando un lugar importante dentro de la est\u00e9tica facial. No necesita agujas, no elimina capas de piel y, en t\u00e9rminos generales, permite regresar a las actividades habituales inmediatamente despu\u00e9s de una sesi\u00f3n. Dentro de esta familia de tratamientos aparece <strong>INDIBA<\/strong>, una tecnolog\u00eda que trabaja con radiofrecuencia monopolar capacitiva y resistiva a una frecuencia espec\u00edfica de 448 kHz.<\/p>\n\n\n\n<p class=\"wp-block-paragraph\">Su popularidad creci\u00f3 especialmente en tratamientos destinados a mejorar la apariencia de la piel, la flacidez leve, la textura y algunos signos del envejecimiento. Tambi\u00e9n es frecuente encontrarla dentro de protocolos corporales y de rehabilitaci\u00f3n, aunque sus objetivos y par\u00e1metros de utilizaci\u00f3n pueden ser diferentes.<\/p>\n\n\n\n<p class=\"wp-block-paragraph\">Como sucede con muchas tecnolog\u00edas est\u00e9ticas, alrededor de INDIBA conviven resultados cl\u00ednicos plausibles con afirmaciones comerciales bastante m\u00e1s dif\u00edciles de demostrar. Hablar de \u201celiminar toxinas\u201d, borrar arrugas o conseguir resultados permanentes desde la primera sesi\u00f3n resulta excesivo.<\/p>\n\n\n\n<p class=\"wp-block-paragraph\">La radiofrecuencia s\u00ed produce efectos medibles en los tejidos y existe investigaci\u00f3n sobre rejuvenecimiento facial con diferentes tecnolog\u00edas de RF. Lo importante es entender <strong>qu\u00e9 puede hacer realmente, qu\u00e9 no deber\u00eda prometerse y por qu\u00e9 la valoraci\u00f3n previa sigue siendo necesaria aunque sea un procedimiento no invasivo<\/strong>.<\/p>\n\n\n\n<h3 class=\"wp-block-heading\">Qu\u00e9 es exactamente INDIBA<\/h3>\n\n\n\n<p class=\"wp-block-paragraph\">INDIBA utiliza una corriente de radiofrecuencia de <strong>448 kHz<\/strong> que circula entre un electrodo activo y una placa de retorno. Dependiendo del tipo de electrodo y de los par\u00e1metros seleccionados, la energ\u00eda puede distribuirse de manera diferente en los tejidos.<\/p>\n\n\n\n<p class=\"wp-block-paragraph\">Uno de los efectos mejor demostrados de esta frecuencia es el aumento controlado de la temperatura local.<\/p>\n\n\n\n<p class=\"wp-block-paragraph\">En un ensayo aleatorizado realizado con adultos sanos, la aplicaci\u00f3n de radiofrecuencia capacitiva-resistiva de 448 kHz produjo un aumento significativo de la temperatura de la piel que se mantuvo incluso despu\u00e9s de finalizar la aplicaci\u00f3n. El estudio se realiz\u00f3 sobre el muslo y no sobre el rostro, por lo que no sirve para demostrar por s\u00ed solo un efecto rejuvenecedor facial, pero confirma uno de los mecanismos f\u00edsicos b\u00e1sicos de la tecnolog\u00eda.<\/p>\n\n\n\n<p class=\"wp-block-paragraph\">Ese calentamiento controlado es precisamente una de las bases de las radiofrecuencias est\u00e9ticas.<\/p>\n\n\n\n<p class=\"wp-block-paragraph\">La temperatura modifica temporalmente las propiedades de los tejidos y puede desencadenar respuestas biol\u00f3gicas relacionadas con la remodelaci\u00f3n d\u00e9rmica. En el caso de la radiofrecuencia facial en general, diferentes dispositivos han mostrado mejoras en firmeza, arrugas y textura en estudios cl\u00ednicos.<\/p>\n\n\n\n<p class=\"wp-block-paragraph\">Una revisi\u00f3n sistem\u00e1tica publicada recientemente reuni\u00f3 15 estudios con 1.230 participantes tratados mediante distintas tecnolog\u00edas de radiofrecuencia facial. En conjunto encontr\u00f3 mejoras est\u00e9ticas, especialmente en textura y firmeza, con efectos adversos predominantemente leves y transitorios.<\/p>\n\n\n\n<p class=\"wp-block-paragraph\">Sin embargo, hay que distinguir dos niveles de evidencia: <strong>la radiofrecuencia facial como categor\u00eda cuenta con una investigaci\u00f3n relativamente amplia; la evidencia cl\u00ednica espec\u00edficamente dedicada a INDIBA facial a 448 kHz es m\u00e1s reducida<\/strong>.<\/p>\n\n\n\n<p class=\"wp-block-paragraph\">No todos los equipos de radiofrecuencia son equivalentes simplemente porque compartan el nombre de la tecnolog\u00eda.<\/p>\n\n\n\n<h3 class=\"wp-block-heading\">Por qu\u00e9 se utiliza para rejuvenecimiento facial<\/h3>\n\n\n\n<p class=\"wp-block-paragraph\">A medida que envejecemos, la piel atraviesa cambios en col\u00e1geno, elastina, hidrataci\u00f3n, distribuci\u00f3n de grasa y estructuras de soporte. A eso se suma el fotoenvejecimiento producido por a\u00f1os de exposici\u00f3n a radiaci\u00f3n ultravioleta.<\/p>\n\n\n\n<p class=\"wp-block-paragraph\">La radiofrecuencia intenta actuar principalmente sobre algunos componentes d\u00e9rmicos mediante energ\u00eda t\u00e9rmica controlada.<\/p>\n\n\n\n<p class=\"wp-block-paragraph\">La literatura sobre RF facial muestra que diferentes dispositivos pueden producir cambios graduales en la apariencia de las arrugas y la laxitud leve o moderada. Estudios con radiofrecuencia no invasiva han registrado aumentos del grosor d\u00e9rmico, mejoras en elasticidad y cambios en escalas utilizadas para evaluar arrugas.<\/p>\n\n\n\n<p class=\"wp-block-paragraph\">Eso no significa que la piel \u201cfabrique col\u00e1geno instant\u00e1neamente\u201d mientras se realiza la sesi\u00f3n.<\/p>\n\n\n\n<p class=\"wp-block-paragraph\">Los procesos de remodelaci\u00f3n del tejido necesitan tiempo.<\/p>\n\n\n\n<p class=\"wp-block-paragraph\">Por eso pueden coexistir dos tipos de efecto. Inmediatamente despu\u00e9s de una sesi\u00f3n puede observarse una piel algo m\u00e1s luminosa, con un aspecto temporalmente m\u00e1s firme o congestionado debido al calor y los cambios circulatorios. Los cambios estructurales que eventualmente puedan producirse despu\u00e9s necesitan semanas.<\/p>\n\n\n\n<p class=\"wp-block-paragraph\">Esta diferencia es importante porque evita interpretar cualquier efecto inmediato como el resultado definitivo del tratamiento.<\/p>\n\n\n\n<h3 class=\"wp-block-heading\">Qu\u00e9 puede mejorar razonablemente<\/h3>\n\n\n\n<p class=\"wp-block-paragraph\">INDIBA se utiliza habitualmente en rostro, cuello y escote para personas que buscan mejorar determinados signos de envejecimiento sin recurrir a procedimientos invasivos.<\/p>\n\n\n\n<p class=\"wp-block-paragraph\">Entre los objetivos m\u00e1s razonables est\u00e1n la <strong>flacidez leve<\/strong>, algunas l\u00edneas finas y la calidad general de la piel.<\/p>\n\n\n\n<p class=\"wp-block-paragraph\">La investigaci\u00f3n sobre radiofrecuencia facial respalda especialmente la posibilidad de obtener cambios modestos en firmeza, textura y arrugas. Los resultados var\u00edan entre personas y dependen del dispositivo, par\u00e1metros utilizados, n\u00famero de sesiones, edad, estado de la piel y magnitud del problema inicial.<\/p>\n\n\n\n<p class=\"wp-block-paragraph\">La palabra clave es \u201cmodestos\u201d.<\/p>\n\n\n\n<p class=\"wp-block-paragraph\">Una radiofrecuencia no invasiva no ofrece el mismo resultado que una cirug\u00eda facial, ni deber\u00eda venderse como sustituto de un lifting quir\u00fargico cuando existe una laxitud importante.<\/p>\n\n\n\n<p class=\"wp-block-paragraph\">Para alguien con cambios iniciales o moderados que quiere una mejora gradual y no busca una transformaci\u00f3n dr\u00e1stica, la propuesta tiene mucho m\u00e1s sentido.<\/p>\n\n\n\n<h3 class=\"wp-block-heading\">Puede mejorar el \u00f3valo facial?<\/h3>\n\n\n\n<p class=\"wp-block-paragraph\">Es habitual encontrar expresiones como \u201credefinir el \u00f3valo\u201d o \u201cefecto lifting\u201d.<\/p>\n\n\n\n<p class=\"wp-block-paragraph\">Pueden describir visualmente ciertos resultados, pero necesitan una interpretaci\u00f3n prudente.<\/p>\n\n\n\n<p class=\"wp-block-paragraph\">Si un tratamiento mejora algo la firmeza cut\u00e1nea y produce cambios temporales en los tejidos, el contorno facial puede parecer m\u00e1s definido. Eso no significa que la radiofrecuencia reposicione de manera permanente m\u00fasculos, compartimentos grasos y estructuras profundas de la cara.<\/p>\n\n\n\n<p class=\"wp-block-paragraph\">Los estudios de radiofrecuencia facial han registrado cambios objetivos en contorno y laxitud con determinados equipos, pero generalmente hablamos de mejoras graduales y no de una modificaci\u00f3n comparable con una intervenci\u00f3n quir\u00fargica.<\/p>\n\n\n\n<p class=\"wp-block-paragraph\">El resultado tambi\u00e9n depender\u00e1 mucho de la causa de la p\u00e9rdida de definici\u00f3n.<\/p>\n\n\n\n<p class=\"wp-block-paragraph\">No es lo mismo una laxitud cut\u00e1nea leve que una p\u00e9rdida importante de volumen, acumulaci\u00f3n de grasa submentoniana o cambios estructurales relacionados con la edad.<\/p>\n\n\n\n<p class=\"wp-block-paragraph\">Una \u00fanica tecnolog\u00eda dif\u00edcilmente resuelva todos esos componentes.<\/p>\n\n\n\n<h3 class=\"wp-block-heading\">Bolsas y ojeras: no todas tienen el mismo origen<\/h3>\n\n\n\n<p class=\"wp-block-paragraph\">INDIBA tambi\u00e9n suele promocionarse para mejorar el contorno de los ojos.<\/p>\n\n\n\n<p class=\"wp-block-paragraph\">Aqu\u00ed hay que ser especialmente cuidadosos porque \u201cojeras\u201d es un t\u00e9rmino muy amplio.<\/p>\n\n\n\n<p class=\"wp-block-paragraph\">Una persona puede tener pigmentaci\u00f3n oscura, vasos visibles, hundimiento por p\u00e9rdida de volumen, bolsas producidas por protrusi\u00f3n de grasa, edema o una combinaci\u00f3n de varios factores.<\/p>\n\n\n\n<p class=\"wp-block-paragraph\">Un tratamiento que modifica circulaci\u00f3n o calidad de la piel puede mejorar visualmente algunos casos. No deber\u00eda esperarse, sin embargo, que elimine una pigmentaci\u00f3n gen\u00e9tica profunda o una bolsa producida por una alteraci\u00f3n anat\u00f3mica importante.<\/p>\n\n\n\n<p class=\"wp-block-paragraph\">Lo mismo ocurre con las l\u00edneas finas alrededor de los ojos. Una mejor\u00eda de textura puede hacerlas menos visibles, pero \u201celiminarlas\u201d es una promesa mucho m\u00e1s dif\u00edcil de sostener.<\/p>\n\n\n\n<p class=\"wp-block-paragraph\">En est\u00e9tica, saber qu\u00e9 estamos tratando suele ser tan importante como elegir la tecnolog\u00eda.<\/p>\n\n\n\n<h3 class=\"wp-block-heading\">INDIBA hidrata la piel?<\/h3>\n\n\n\n<p class=\"wp-block-paragraph\">Algunas descripciones comerciales incluyen la piel deshidratada entre sus indicaciones.<\/p>\n\n\n\n<p class=\"wp-block-paragraph\">La radiofrecuencia puede modificar temporalmente la microcirculaci\u00f3n y la apariencia de la piel, pero no sustituye la funci\u00f3n de una buena barrera cut\u00e1nea ni aporta agua directamente como lo hace un producto hidratante.<\/p>\n\n\n\n<p class=\"wp-block-paragraph\">Si una piel est\u00e1 seca porque utiliza limpiadores muy agresivos, retinoides en exceso o presenta una alteraci\u00f3n de su barrera, el problema necesita abordarse tambi\u00e9n desde la rutina diaria.<\/p>\n\n\n\n<p class=\"wp-block-paragraph\">Puede existir una mejora visual despu\u00e9s del tratamiento sin que eso signifique haber corregido la causa de la deshidrataci\u00f3n.<\/p>\n\n\n\n<p class=\"wp-block-paragraph\">Por eso tiene m\u00e1s sentido pensar en INDIBA como una herramienta est\u00e9tica complementaria y no como sustituto del cuidado cotidiano.<\/p>\n\n\n\n<h3 class=\"wp-block-heading\">La circulaci\u00f3n aumenta con el calentamiento<\/h3>\n\n\n\n<p class=\"wp-block-paragraph\">Una de las afirmaciones que s\u00ed tiene un mecanismo razonable es el aumento de flujo sangu\u00edneo local.<\/p>\n\n\n\n<p class=\"wp-block-paragraph\">El calentamiento provoca vasodilataci\u00f3n y diferentes estudios espec\u00edficos con radiofrecuencia capacitiva-resistiva de 448 kHz han observado cambios en temperatura y flujo sangu\u00edneo de la piel despu\u00e9s de su aplicaci\u00f3n.<\/p>\n\n\n\n<p class=\"wp-block-paragraph\">Esto ayuda a explicar parte de la sensaci\u00f3n de calor y el aspecto m\u00e1s sonrosado que puede aparecer inmediatamente despu\u00e9s.<\/p>\n\n\n\n<p class=\"wp-block-paragraph\">A veces estas observaciones se convierten comercialmente en t\u00e9rminos como \u201coxigenaci\u00f3n celular\u201d o \u201celiminaci\u00f3n de toxinas\u201d.<\/p>\n\n\n\n<p class=\"wp-block-paragraph\">Conviene no ir tan lejos.<\/p>\n\n\n\n<p class=\"wp-block-paragraph\">Un incremento local de circulaci\u00f3n no demuestra que el tratamiento est\u00e9 \u201cdesintoxicando\u201d el organismo.<\/p>\n\n\n\n<p class=\"wp-block-paragraph\">El cuerpo dispone de h\u00edgado, ri\u00f1ones, pulmones y otros sistemas para procesar y eliminar distintas sustancias. No necesitamos atribuirle a una radiofrecuencia una funci\u00f3n de detoxificaci\u00f3n para explicar sus posibles beneficios est\u00e9ticos.<\/p>\n\n\n\n<h3 class=\"wp-block-heading\">Sirve para cicatrices y marcas de acn\u00e9?<\/h3>\n\n\n\n<p class=\"wp-block-paragraph\">Aqu\u00ed tambi\u00e9n es importante diferenciar.<\/p>\n\n\n\n<p class=\"wp-block-paragraph\">Una marca plana de pigmentaci\u00f3n despu\u00e9s de un granito no es lo mismo que una cicatriz deprimida. Tampoco lo es una cicatriz elevada.<\/p>\n\n\n\n<p class=\"wp-block-paragraph\">Las cicatrices atr\u00f3ficas del acn\u00e9 representan modificaciones estructurales de la dermis y existen tratamientos con mayor respaldo espec\u00edficamente orientados a ellas, como determinadas t\u00e9cnicas de l\u00e1ser, microneedling, radiofrecuencia fraccionada, subcisi\u00f3n o tratamientos combinados seg\u00fan el tipo de cicatriz.<\/p>\n\n\n\n<p class=\"wp-block-paragraph\">Una radiofrecuencia no invasiva puede mejorar ciertos aspectos de calidad cut\u00e1nea, pero no deber\u00eda prometerse como una forma de \u201celiminar cicatrices\u201d.<\/p>\n\n\n\n<p class=\"wp-block-paragraph\">Si el objetivo principal son cicatrices importantes de acn\u00e9, conviene valorar primero qu\u00e9 tipo existe y cu\u00e1l es la estrategia m\u00e1s apropiada.<\/p>\n\n\n\n<h3 class=\"wp-block-heading\">Una sesi\u00f3n suele sentirse c\u00e1lida, no dolorosa<\/h3>\n\n\n\n<p class=\"wp-block-paragraph\">Una caracter\u00edstica atractiva de INDIBA es que el procedimiento generalmente se describe como confortable.<\/p>\n\n\n\n<p class=\"wp-block-paragraph\">El electrodo se desplaza sobre la piel utilizando un medio conductor y la intensidad se ajusta para conseguir la respuesta buscada. Dependiendo de los par\u00e1metros, puede sentirse un calentamiento progresivo.<\/p>\n\n\n\n<p class=\"wp-block-paragraph\">La propia informaci\u00f3n t\u00e9cnica del fabricante se\u00f1ala que el tratamiento no deber\u00eda ser doloroso, aunque puede aparecer un enrojecimiento leve y transitorio o, en pieles sensibles, una sensaci\u00f3n de hormigueo.<\/p>\n\n\n\n<p class=\"wp-block-paragraph\">El nivel t\u00e9rmico tampoco deber\u00eda convertirse en una competencia.<\/p>\n\n\n\n<p class=\"wp-block-paragraph\">M\u00e1s calor no significa necesariamente mejores resultados.<\/p>\n\n\n\n<p class=\"wp-block-paragraph\">La persona que aplica la tecnolog\u00eda debe controlar la respuesta de la piel y ajustar los par\u00e1metros al \u00e1rea y al objetivo.<\/p>\n\n\n\n<h3 class=\"wp-block-heading\">Cu\u00e1ntas sesiones se necesitan?<\/h3>\n\n\n\n<p class=\"wp-block-paragraph\">No hay un n\u00famero universal.<\/p>\n\n\n\n<p class=\"wp-block-paragraph\">La fuente original afirma que los resultados pueden observarse desde la primera sesi\u00f3n y que, por tratarse de un tratamiento \u201cacumulativo\u201d, podr\u00edan mantenerse durante meses o incluso a\u00f1os. La primera parte es plausible si hablamos de cambios visuales inmediatos; la segunda necesita bastante m\u00e1s prudencia.<\/p>\n\n\n\n<p class=\"wp-block-paragraph\">Puede existir una mejora perceptible despu\u00e9s de una sesi\u00f3n.<\/p>\n\n\n\n<p class=\"wp-block-paragraph\">Pero <strong>no hay evidencia suficiente para prometer que una sesi\u00f3n o un n\u00famero fijo de aplicaciones produzca resultados que duren a\u00f1os<\/strong>.<\/p>\n\n\n\n<p class=\"wp-block-paragraph\">La radiofrecuencia facial suele trabajarse mediante protocolos de varias sesiones y, en algunos casos, mantenimiento posterior. El n\u00famero depende del dispositivo, edad, caracter\u00edsticas cut\u00e1neas y objetivo.<\/p>\n\n\n\n<p class=\"wp-block-paragraph\">Los estudios sobre RF facial tambi\u00e9n son muy heterog\u00e9neos: existen trabajos con una sola sesi\u00f3n y otros con tratamientos repetidos durante semanas o meses.<\/p>\n\n\n\n<p class=\"wp-block-paragraph\">Por eso una propuesta seria deber\u00eda construirse despu\u00e9s de evaluar a la persona, no antes.<\/p>\n\n\n\n<p class=\"wp-block-paragraph\">Si todos reciben autom\u00e1ticamente \u201cseis sesiones porque s\u00ed\u201d, se est\u00e1 utilizando un protocolo comercial m\u00e1s que una indicaci\u00f3n personalizada.<\/p>\n\n\n\n<h3 class=\"wp-block-heading\">Los resultados no son permanentes porque el envejecimiento tampoco se detiene<\/h3>\n\n\n\n<p class=\"wp-block-paragraph\">Incluso cuando existe una buena respuesta, la piel contin\u00faa envejeciendo.<\/p>\n\n\n\n<p class=\"wp-block-paragraph\">Seguimos expuestos al sol.<\/p>\n\n\n\n<p class=\"wp-block-paragraph\">Contin\u00faan produci\u00e9ndose cambios hormonales y estructurales.<\/p>\n\n\n\n<p class=\"wp-block-paragraph\">El col\u00e1geno sigue modific\u00e1ndose con el tiempo.<\/p>\n\n\n\n<p class=\"wp-block-paragraph\">Por eso ning\u00fan tratamiento de rejuvenecimiento no quir\u00fargico deber\u00eda plantearse como una soluci\u00f3n permanente.<\/p>\n\n\n\n<p class=\"wp-block-paragraph\">Los resultados pueden mantenerse durante un per\u00edodo y despu\u00e9s disminuir gradualmente. Algunas personas realizan sesiones de mantenimiento, aunque no existe una frecuencia que pueda recomendarse igual para todos.<\/p>\n\n\n\n<p class=\"wp-block-paragraph\">Tambi\u00e9n influye much\u00edsimo lo que ocurre entre sesiones.<\/p>\n\n\n\n<p class=\"wp-block-paragraph\">Una persona puede invertir en radiofrecuencia y al mismo tiempo exponerse diariamente al sol sin protecci\u00f3n. En ese caso est\u00e1 intentando tratar una parte del envejecimiento mientras contin\u00faa favoreciendo otra de sus causas principales.<\/p>\n\n\n\n<p class=\"wp-block-paragraph\">Protecci\u00f3n solar, evitar tabaco, una rutina cut\u00e1nea adecuada y h\u00e1bitos generales de salud siguen siendo relevantes.<\/p>\n\n\n\n<h3 class=\"wp-block-heading\">INDIBA no es igual a todas las radiofrecuencias<\/h3>\n\n\n\n<p class=\"wp-block-paragraph\">\u201cRadiofrecuencia\u201d describe una familia tecnol\u00f3gica muy amplia.<\/p>\n\n\n\n<p class=\"wp-block-paragraph\">Existen equipos monopolares, bipolares, multipolares, fraccionados, con microagujas y dispositivos que trabajan con frecuencias y profundidades diferentes.<\/p>\n\n\n\n<p class=\"wp-block-paragraph\">INDIBA utiliza espec\u00edficamente radiofrecuencia monopolar capacitiva-resistiva a <strong>448 kHz<\/strong>.<\/p>\n\n\n\n<p class=\"wp-block-paragraph\">Esto importa porque no podemos tomar un resultado obtenido con cualquier equipo de radiofrecuencia y asumir autom\u00e1ticamente que ser\u00e1 id\u00e9ntico con INDIBA.<\/p>\n\n\n\n<p class=\"wp-block-paragraph\">La revisi\u00f3n sistem\u00e1tica reciente sobre rejuvenecimiento facial encuentra un panorama global favorable para la radiofrecuencia, con alta satisfacci\u00f3n y efectos adversos predominantemente leves, pero tambi\u00e9n muestra una gran heterogeneidad entre tecnolog\u00edas y protocolos.<\/p>\n\n\n\n<p class=\"wp-block-paragraph\">Por eso, cuando vemos porcentajes extraordinariamente precisos en publicidad \u2014\u201caumenta el col\u00e1geno un X%\u201d, \u201creduce las arrugas un X%\u201d\u2014 conviene comprobar con qu\u00e9 aparato, poblaci\u00f3n y protocolo fueron obtenidos.<\/p>\n\n\n\n<h3 class=\"wp-block-heading\">Es un tratamiento seguro?<\/h3>\n\n\n\n<p class=\"wp-block-paragraph\">En personas correctamente seleccionadas, la radiofrecuencia facial no invasiva suele presentar un buen perfil de seguridad.<\/p>\n\n\n\n<p class=\"wp-block-paragraph\">Los efectos m\u00e1s comunes en los estudios son generalmente leves y transitorios, especialmente enrojecimiento y, seg\u00fan la tecnolog\u00eda utilizada, algo de edema o sensibilidad temporal. La revisi\u00f3n sistem\u00e1tica de tratamientos faciales por RF no encontr\u00f3 complicaciones graves dentro de los estudios incluidos, aunque eso no significa que el riesgo sea absolutamente cero.<\/p>\n\n\n\n<p class=\"wp-block-paragraph\">INDIBA tiene adem\u00e1s contraindicaciones espec\u00edficas que no deber\u00edan ignorarse.<\/p>\n\n\n\n<p class=\"wp-block-paragraph\">Entre las principales indicadas por el fabricante se encuentran <strong>embarazo, marcapasos u otros implantes electr\u00f3nicos y tromboflebitis<\/strong>. Tambi\u00e9n se recomienda precauci\u00f3n o evaluaci\u00f3n adicional en personas con infecciones activas, falta de sensibilidad, heridas o quemaduras recientes, tumores y determinados tratamientos con anticoagulantes u oncol\u00f3gicos.<\/p>\n\n\n\n<p class=\"wp-block-paragraph\">Los implantes met\u00e1licos, curiosamente, no aparecen como una contraindicaci\u00f3n general de los equipos INDIBA de 448 kHz seg\u00fan la informaci\u00f3n del fabricante, aunque deben comunicarse igualmente antes de cualquier tratamiento.<\/p>\n\n\n\n<p class=\"wp-block-paragraph\">Tambi\u00e9n hay que avisar si existe alergia al n\u00edquel, porque determinados electrodos y placas utilizados por algunos equipos contienen este metal.<\/p>\n\n\n\n<p class=\"wp-block-paragraph\">Por eso \u201cno invasivo\u201d nunca deber\u00eda confundirse con \u201capto para cualquiera sin preguntar nada\u201d.<\/p>\n\n\n\n<h3 class=\"wp-block-heading\">Qu\u00e9 conviene preguntar antes de comenzar<\/h3>\n\n\n\n<p class=\"wp-block-paragraph\">No hace falta llegar a una consulta sabiendo f\u00edsica de radiofrecuencia.<\/p>\n\n\n\n<p class=\"wp-block-paragraph\">S\u00ed tiene sentido saber exactamente qu\u00e9 se quiere mejorar.<\/p>\n\n\n\n<p class=\"wp-block-paragraph\">\u201cQuiero rejuvenecer\u201d es demasiado amplio.<\/p>\n\n\n\n<p class=\"wp-block-paragraph\">Tal vez lo que realmente molesta son las l\u00edneas alrededor de los ojos.<\/p>\n\n\n\n<p class=\"wp-block-paragraph\">O la laxitud en la zona mandibular.<\/p>\n\n\n\n<p class=\"wp-block-paragraph\">O una textura irregular.<\/p>\n\n\n\n<p class=\"wp-block-paragraph\">O la p\u00e9rdida de volumen.<\/p>\n\n\n\n<p class=\"wp-block-paragraph\">Una evaluaci\u00f3n deber\u00eda determinar primero si la radiofrecuencia tiene posibilidades razonables de mejorar ese problema.<\/p>\n\n\n\n<p class=\"wp-block-paragraph\">Tambi\u00e9n conviene conocer qu\u00e9 dispositivo se utilizar\u00e1, cu\u00e1nto dura aproximadamente la sesi\u00f3n, qu\u00e9 sensaciones pueden aparecer, qu\u00e9 cuidados se recomiendan despu\u00e9s y cu\u00e1l es la expectativa realista de resultados.<\/p>\n\n\n\n<p class=\"wp-block-paragraph\">Y hay una pregunta especialmente \u00fatil:<\/p>\n\n\n\n<p class=\"wp-block-paragraph\"><strong>Qu\u00e9 es lo que este tratamiento no va a solucionar?<\/strong><\/p>\n\n\n\n<p class=\"wp-block-paragraph\">La respuesta puede decir mucho sobre la calidad de la recomendaci\u00f3n.<\/p>\n\n\n\n<h3 class=\"wp-block-heading\">No es necesario esconder que los resultados tienen l\u00edmites<\/h3>\n\n\n\n<p class=\"wp-block-paragraph\">En medicina est\u00e9tica existe una tentaci\u00f3n enorme de vender cada tecnolog\u00eda como si fuera capaz de solucionar diez problemas diferentes.<\/p>\n\n\n\n<p class=\"wp-block-paragraph\">No hace falta.<\/p>\n\n\n\n<p class=\"wp-block-paragraph\">INDIBA tiene una propuesta suficientemente interesante sin afirmar que elimina grasa, borra cicatrices, hace desaparecer todas las arrugas, desintoxica el organismo y rejuvenece durante a\u00f1os.<\/p>\n\n\n\n<p class=\"wp-block-paragraph\">La radiofrecuencia puede ser una buena herramienta para personas que buscan una mejora progresiva de la calidad de la piel y cierta firmeza sin recurrir a procedimientos m\u00e1s invasivos.<\/p>\n\n\n\n<p class=\"wp-block-paragraph\">Eso ya es bastante.<\/p>\n\n\n\n<p class=\"wp-block-paragraph\">Una persona con laxitud importante quiz\u00e1 necesite explorar otras alternativas.<\/p>\n\n\n\n<p class=\"wp-block-paragraph\">Alguien con p\u00e9rdida de volumen puede necesitar un abordaje diferente.<\/p>\n\n\n\n<p class=\"wp-block-paragraph\">Una pigmentaci\u00f3n puede responder mejor a otro tipo de tratamiento.<\/p>\n\n\n\n<p class=\"wp-block-paragraph\">Y determinadas arrugas din\u00e1micas tienen mecanismos que la radiofrecuencia no modifica directamente.<\/p>\n\n\n\n<p class=\"wp-block-paragraph\">La est\u00e9tica funciona mejor cuando cada herramienta se utiliza para aquello que realmente puede hacer.<\/p>\n\n\n\n<h3 class=\"wp-block-heading\">INDIBA facial vale la pena?<\/h3>\n\n\n\n<p class=\"wp-block-paragraph\">Puede valerla si existe una indicaci\u00f3n adecuada y las expectativas son razonables.<\/p>\n\n\n\n<p class=\"wp-block-paragraph\">Su atractivo est\u00e1 en que es un procedimiento no invasivo, normalmente confortable y con una recuperaci\u00f3n m\u00ednima. La base f\u00edsica de la radiofrecuencia de 448 kHz y sus efectos t\u00e9rmicos est\u00e1n documentados, y la evidencia m\u00e1s amplia sobre radiofrecuencia facial respalda mejoras en firmeza, textura y determinados signos del envejecimiento.<\/p>\n\n\n\n<p class=\"wp-block-paragraph\">Al mismo tiempo, hay que evitar una conclusi\u00f3n demasiado grande: la cantidad de estudios cl\u00ednicos espec\u00edficamente dedicados a INDIBA para rejuvenecimiento facial es mucho menor que la evidencia disponible sobre la radiofrecuencia est\u00e9tica considerada en conjunto.<\/p>\n\n\n\n<p class=\"wp-block-paragraph\">Eso no invalida el tratamiento.<\/p>\n\n\n\n<p class=\"wp-block-paragraph\">Simplemente obliga a ser m\u00e1s precisos con lo que prometemos.<\/p>\n\n\n\n<p class=\"wp-block-paragraph\">No deber\u00eda plantearse como un lifting sin cirug\u00eda ni como una tecnolog\u00eda capaz de detener el envejecimiento. Tiene mucho m\u00e1s sentido describirla como una herramienta que puede contribuir a mejorar de manera gradual algunos aspectos de la piel.<\/p>\n\n\n\n<h3 class=\"wp-block-heading\">D\u00f3nde realizar INDIBA facial en Uruguay<\/h3>\n\n\n\n<p class=\"wp-block-paragraph\">Para quienes est\u00e9n en Uruguay y quieran conocer esta tecnolog\u00eda, existe una opci\u00f3n local que ofrece <strong>INDIBA Deep Beauty Facial<\/strong>, con sesiones que el centro informa de aproximadamente 45 a 50 minutos y una valoraci\u00f3n personalizada previa al tratamiento. El servicio est\u00e1 orientado a objetivos como flacidez facial, l\u00edneas de expresi\u00f3n, contorno del rostro y zona periocular.<\/p>\n\n\n\n<p class=\"wp-block-paragraph\">Pod\u00e9s consultar directamente la informaci\u00f3n y disponibilidad aqu\u00ed: <strong><a href=\"https:\/\/www.analiamartin.uy\/servicios\/indiba-deep-beauty-facial\" target=\"_blank\" rel=\"noopener\">INDIBA Deep Beauty Facial en Uruguay<\/a><\/strong><\/p>\n\n\n\n<p class=\"wp-block-paragraph\">Como con cualquier procedimiento est\u00e9tico, lo aconsejable es que la indicaci\u00f3n surja de una evaluaci\u00f3n personal y no solamente de elegir una tecnolog\u00eda porque est\u00e1 de moda. Dos personas de la misma edad pueden tener necesidades completamente diferentes y, justamente por eso, el mejor tratamiento no siempre es el m\u00e1s nuevo ni el m\u00e1s conocido.<\/p>\n\n\n\n<p class=\"wp-block-paragraph\">Es el que corresponde al problema que realmente queremos mejorar.<\/p>\n","protected":false},"excerpt":{"rendered":"<p>Para el rostro: beneficios, resultados y cuidados. La radiofrecuencia lleva a\u00f1os ocupando un lugar importante dentro de la est\u00e9tica facial. No necesita agujas, no elimina capas de piel y, en t\u00e9rminos generales, permite regresar a las actividades habituales inmediatamente despu\u00e9s de una sesi\u00f3n. Dentro de esta familia de tratamientos aparece INDIBA, una tecnolog\u00eda que trabaja [&hellip;]<\/p>\n","protected":false},"author":1,"featured_media":3078,"comment_status":"closed","ping_status":"closed","sticky":false,"template":"","format":"standard","meta":{"inline_featured_image":false,"footnotes":""},"categories":[280,2163,3288],"tags":[87,69,183,826,3749,791,3748,3061,3745,3747,3746,3529,1861,3063,915,908,539],"class_list":["post-3076","post","type-post","status-publish","format-standard","has-post-thumbnail","hentry","category-belleza","category-cuidado-de-la-piel","category-medicina-estetica","tag-arrugas","tag-belleza","tag-colageno","tag-cuidado-de-la-piel","tag-elastina","tag-estetica-facial","tag-firmeza-de-la-piel","tag-flacidez-facial","tag-indiba","tag-indiba-deep-beauty","tag-indiba-facial","tag-lineas-de-expresion","tag-radiofrecuencia","tag-radiofrecuencia-facial","tag-rejuvenecimiento-facial","tag-tratamiento-facial","tag-uruguay"],"_links":{"self":[{"href":"https:\/\/esteticaysalud.uy\/blog\/wp-json\/wp\/v2\/posts\/3076","targetHints":{"allow":["GET"]}}],"collection":[{"href":"https:\/\/esteticaysalud.uy\/blog\/wp-json\/wp\/v2\/posts"}],"about":[{"href":"https:\/\/esteticaysalud.uy\/blog\/wp-json\/wp\/v2\/types\/post"}],"author":[{"embeddable":true,"href":"https:\/\/esteticaysalud.uy\/blog\/wp-json\/wp\/v2\/users\/1"}],"replies":[{"embeddable":true,"href":"https:\/\/esteticaysalud.uy\/blog\/wp-json\/wp\/v2\/comments?post=3076"}],"version-history":[{"count":1,"href":"https:\/\/esteticaysalud.uy\/blog\/wp-json\/wp\/v2\/posts\/3076\/revisions"}],"predecessor-version":[{"id":3079,"href":"https:\/\/esteticaysalud.uy\/blog\/wp-json\/wp\/v2\/posts\/3076\/revisions\/3079"}],"wp:featuredmedia":[{"embeddable":true,"href":"https:\/\/esteticaysalud.uy\/blog\/wp-json\/wp\/v2\/media\/3078"}],"wp:attachment":[{"href":"https:\/\/esteticaysalud.uy\/blog\/wp-json\/wp\/v2\/media?parent=3076"}],"wp:term":[{"taxonomy":"category","embeddable":true,"href":"https:\/\/esteticaysalud.uy\/blog\/wp-json\/wp\/v2\/categories?post=3076"},{"taxonomy":"post_tag","embeddable":true,"href":"https:\/\/esteticaysalud.uy\/blog\/wp-json\/wp\/v2\/tags?post=3076"}],"curies":[{"name":"wp","href":"https:\/\/api.w.org\/{rel}","templated":true}]}}