{"id":2499,"date":"2026-05-02T00:27:31","date_gmt":"2026-05-02T00:27:31","guid":{"rendered":"https:\/\/esteticaysalud.uy\/blog\/?p=2499"},"modified":"2026-05-01T21:58:06","modified_gmt":"2026-05-01T21:58:06","slug":"la-hora-de-comer","status":"publish","type":"post","link":"https:\/\/esteticaysalud.uy\/blog\/la-hora-de-comer\/","title":{"rendered":"La hora de comer"},"content":{"rendered":"<div class='booster-block booster-read-block'>\n                <div class=\"twp-read-time time-tx\">\n                \t<i class=\"booster-icon twp-clock\"><\/i> <span>Tiempo de lectura:<\/span>5 Minutos                <\/div>\n\n            <\/div>\n<h3 class=\"wp-block-heading\">Desayuno a las 9 y cena a las 16: lo que cambia en el cuerpo con este horario.<\/h3>\n\n\n\n<p>Durante mucho tiempo, la conversaci\u00f3n sobre alimentaci\u00f3n estuvo enfocada casi por completo en qu\u00e9 se come. Pero cada vez hay m\u00e1s inter\u00e9s en otra variable: a qu\u00e9 hora se come. En ese contexto, empez\u00f3 a llamar la atenci\u00f3n un esquema bastante concreto: desayunar a las 9 y hacer la \u00faltima comida del d\u00eda alrededor de las 16. Esta forma de organizar la comida entra dentro de lo que se conoce como alimentaci\u00f3n con restricci\u00f3n horaria temprana, una estrategia que concentra las comidas en las primeras horas del d\u00eda y deja un ayuno m\u00e1s largo por la tarde y la noche. Algunos estudios muestran que este patr\u00f3n puede mejorar ciertos marcadores metab\u00f3licos, aunque no necesariamente es ideal ni sostenible para todo el mundo.<\/p>\n\n\n\n<h3 class=\"wp-block-heading\">Qu\u00e9 es exactamente este tipo de rutina<\/h3>\n\n\n\n<p>La idea no pasa tanto por comer menos, sino por ordenar la ingesta dentro de una ventana m\u00e1s corta y m\u00e1s alineada con el ritmo biol\u00f3gico del cuerpo. Por ejemplo, una persona puede desayunar a las 9, almorzar m\u00e1s temprano y hacer su \u00faltima comida a las 16, dejando luego un ayuno prolongado hasta el d\u00eda siguiente. A esto se lo suele llamar alimentaci\u00f3n restringida en el tiempo temprana, y se diferencia de otras formas de ayuno intermitente porque pone el foco en comer m\u00e1s temprano, no solo en comer dentro de pocas horas.<\/p>\n\n\n\n<h3 class=\"wp-block-heading\">Por qu\u00e9 cada vez se habla m\u00e1s de cenar temprano<\/h3>\n\n\n\n<p>El cuerpo no procesa igual la comida a cualquier hora. Hay ritmos circadianos que influyen sobre la glucosa, la insulina, el apetito y el metabolismo. Varias revisiones y estudios cl\u00ednicos sugieren que comer m\u00e1s temprano y evitar concentrar gran parte de la ingesta al final del d\u00eda puede favorecer una mejor respuesta metab\u00f3lica. En otras palabras, no es solo cu\u00e1nto com\u00e9s, sino tambi\u00e9n cu\u00e1ndo le ped\u00eds al cuerpo que procese esa energ\u00eda.<\/p>\n\n\n\n<h3 class=\"wp-block-heading\">Qu\u00e9 cambios podr\u00eda generar en el cuerpo<\/h3>\n\n\n\n<p>Los beneficios m\u00e1s mencionados en este tipo de esquemas tienen que ver con el control de la glucosa, la sensibilidad a la insulina, la presi\u00f3n arterial y, en algunos casos, el apetito. En un estudio muy citado en hombres con prediabetes, una alimentaci\u00f3n temprana restringida en el tiempo mejor\u00f3 la sensibilidad a la insulina, baj\u00f3 la presi\u00f3n arterial y redujo el estr\u00e9s oxidativo, incluso sin p\u00e9rdida de peso. Eso es importante porque muestra que el horario de las comidas puede influir por s\u00ed mismo, no solo a trav\u00e9s del adelgazamiento.<\/p>\n\n\n\n<h3 class=\"wp-block-heading\">Tambi\u00e9n puede ayudar a reducir el picoteo<\/h3>\n\n\n\n<p>Uno de los efectos pr\u00e1cticos de cenar temprano es que se acorta mucho el margen para comer por impulso durante la noche. Para muchas personas, las peores decisiones alimentarias aparecen justamente al final del d\u00eda: snacks, dulces, picoteo frente a pantallas o cenas muy pesadas. Cuando la \u00faltima comida se adelanta y la rutina queda m\u00e1s estructurada, ese picoteo suele bajar. Y aunque parezca algo simple, puede hacer una diferencia real sobre la calidad general de la alimentaci\u00f3n. El propio enfoque de este tipo de rutina se apoya mucho en esa idea: menos desorden, menos ingesta nocturna y una digesti\u00f3n m\u00e1s liviana.<\/p>\n\n\n\n<h3 class=\"wp-block-heading\">La digesti\u00f3n nocturna tambi\u00e9n cambia<\/h3>\n\n\n\n<p>Cenar muy tarde puede hacer que una parte de la digesti\u00f3n ocurra cuando el cuerpo ya est\u00e1 entrando en fase de descanso. En cambio, adelantar la \u00faltima comida puede hacer que la noche transcurra con menos carga digestiva y con una sensaci\u00f3n de mayor liviandad. Algunas personas notan menos pesadez, menos acidez o un sue\u00f1o m\u00e1s c\u00f3modo cuando no comen cerca de la hora de acostarse. Aunque no es una regla universal, es una de las razones por las que esta forma de organizar las comidas les resulta atractiva a muchas personas.<\/p>\n\n\n\n<h3 class=\"wp-block-heading\">No necesariamente se trata de perder peso r\u00e1pido<\/h3>\n\n\n\n<p>Muchas personas se acercan a estas rutinas pensando solo en bajar de peso. Y si bien algunos estudios sobre restricci\u00f3n horaria temprana muestran reducciones de peso y grasa corporal, el beneficio no siempre depende exclusivamente de eso. En ciertos ensayos, los cambios metab\u00f3licos favorables aparecieron a\u00fan sin adelgazamiento. Eso refuerza la idea de que el horario de comida puede tener efectos propios sobre el metabolismo, m\u00e1s all\u00e1 de la balanza.<\/p>\n\n\n\n<h3 class=\"wp-block-heading\">Pero no todo el mundo lo tolera igual<\/h3>\n\n\n\n<p>Ac\u00e1 est\u00e1 una de las claves m\u00e1s importantes. Que una estrategia tenga beneficios potenciales no significa que sirva para cualquier persona ni en cualquier contexto. Cenar a las 16 puede resultar muy dif\u00edcil de sostener en la vida real para quien trabaja hasta tarde, tiene vida social nocturna, entrena en la tarde, cocina para una familia o simplemente siente mucha hambre a la noche. Adem\u00e1s, no todas las personas responden igual al ayuno prolongado. Algunas se adaptan bien; otras se sienten irritables, cansadas o demasiado pendientes de la comida.<\/p>\n\n\n\n<h3 class=\"wp-block-heading\">Tampoco conviene hacerlo sin mirar la calidad de la dieta<\/h3>\n\n\n\n<p>Otro error frecuente es pensar que si el horario est\u00e1 bien, el resto deja de importar. No es as\u00ed. El propio material de salud p\u00fablica sobre ayuno y restricci\u00f3n horaria insiste en que el momento de comer importa, pero la calidad de lo que se come sigue pesando incluso m\u00e1s. Una ventana horaria ordenada no compensa una alimentaci\u00f3n pobre, ultraprocesada o insuficiente en nutrientes. El horario puede ayudar, s\u00ed, pero no reemplaza las bases de una buena dieta.<\/p>\n\n\n\n<h3 class=\"wp-block-heading\">Cu\u00e1ndo podr\u00eda no ser una buena idea<\/h3>\n\n\n\n<p>Este tipo de esquema no es apropiado para todo el mundo. Personas con ciertos problemas de salud, con antecedentes de trastornos de la conducta alimentaria, con medicaci\u00f3n que debe tomarse con comida, con diabetes tratada con insulina, embarazadas, lactantes o quienes trabajan en turnos especiales deber\u00edan consultar antes de intentar cambios de este tipo. Las recomendaciones sanitarias sobre ayuno intermitente y alimentaci\u00f3n restringida en el tiempo suelen remarcar esa precauci\u00f3n.<\/p>\n\n\n\n<h3 class=\"wp-block-heading\">Lo m\u00e1s \u00fatil no siempre es copiar el horario exacto<\/h3>\n\n\n\n<p>Aunque el esquema 9 a 16 puede sonar interesante, no necesariamente hay que llevarlo a ese extremo para obtener beneficios. Para algunas personas, ya representa una mejora dejar de cenar tan tarde, concentrar mejor las comidas y evitar el picoteo nocturno. A veces, adelantar un poco la cena y sostener un margen nocturno m\u00e1s largo sin comida ya puede ser m\u00e1s realista y m\u00e1s sostenible que intentar una rutina muy estricta desde el primer d\u00eda. Las investigaciones sobre alimentaci\u00f3n circadiana muestran justamente que la alineaci\u00f3n con horarios m\u00e1s tempranos puede ser \u00fatil, pero la adherencia sigue siendo un factor decisivo.<\/p>\n\n\n\n<h3 class=\"wp-block-heading\">Una estrategia interesante, pero no m\u00e1gica<\/h3>\n\n\n\n<p>Desayunar a las 9 y cenar a las 16 puede cambiar varias cosas: menos picoteo, m\u00e1s orden horario, una digesti\u00f3n m\u00e1s liviana por la noche y posibles mejoras en glucosa, insulina y presi\u00f3n arterial. Pero no es una f\u00f3rmula m\u00e1gica ni una obligaci\u00f3n universal. Como casi todo en nutrici\u00f3n, funciona mejor cuando se adapta a la vida real, se sostiene sin sufrimiento y se combina con una alimentaci\u00f3n de calidad. El horario puede ayudar mucho, pero no sirve de nada si termina siendo imposible de mantener.<\/p>\n\n\n\n<p>Nutrici\u00f3n, Bienestar, Alimentaci\u00f3n saludable, Metabolismo, Prevenci\u00f3n<\/p>\n","protected":false},"excerpt":{"rendered":"<p>Desayuno a las 9 y cena a las 16: lo que cambia en el cuerpo con este horario. Durante mucho tiempo, la conversaci\u00f3n sobre alimentaci\u00f3n estuvo enfocada casi por completo en qu\u00e9 se come. Pero cada vez hay m\u00e1s inter\u00e9s en otra variable: a qu\u00e9 hora se come. En ese contexto, empez\u00f3 a llamar la [&hellip;]<\/p>\n","protected":false},"author":1,"featured_media":2500,"comment_status":"closed","ping_status":"closed","sticky":false,"template":"","format":"standard","meta":{"inline_featured_image":false,"footnotes":""},"categories":[3277,1603,1203],"tags":[172,3273,3275,54,875,2373,3276,1708,3274,885],"class_list":["post-2499","post","type-post","status-publish","format-standard","has-post-thumbnail","hentry","category-alimentacion-saludable","category-metabolismo","category-nutricion","tag-alimentacion-saludable","tag-ayuno-intermitente","tag-cena-temprana","tag-desayuno","tag-digestion","tag-glucosa","tag-horarios-de-comida","tag-metabolismo","tag-restriccion-horaria","tag-salud-metabolica"],"_links":{"self":[{"href":"https:\/\/esteticaysalud.uy\/blog\/wp-json\/wp\/v2\/posts\/2499","targetHints":{"allow":["GET"]}}],"collection":[{"href":"https:\/\/esteticaysalud.uy\/blog\/wp-json\/wp\/v2\/posts"}],"about":[{"href":"https:\/\/esteticaysalud.uy\/blog\/wp-json\/wp\/v2\/types\/post"}],"author":[{"embeddable":true,"href":"https:\/\/esteticaysalud.uy\/blog\/wp-json\/wp\/v2\/users\/1"}],"replies":[{"embeddable":true,"href":"https:\/\/esteticaysalud.uy\/blog\/wp-json\/wp\/v2\/comments?post=2499"}],"version-history":[{"count":1,"href":"https:\/\/esteticaysalud.uy\/blog\/wp-json\/wp\/v2\/posts\/2499\/revisions"}],"predecessor-version":[{"id":2501,"href":"https:\/\/esteticaysalud.uy\/blog\/wp-json\/wp\/v2\/posts\/2499\/revisions\/2501"}],"wp:featuredmedia":[{"embeddable":true,"href":"https:\/\/esteticaysalud.uy\/blog\/wp-json\/wp\/v2\/media\/2500"}],"wp:attachment":[{"href":"https:\/\/esteticaysalud.uy\/blog\/wp-json\/wp\/v2\/media?parent=2499"}],"wp:term":[{"taxonomy":"category","embeddable":true,"href":"https:\/\/esteticaysalud.uy\/blog\/wp-json\/wp\/v2\/categories?post=2499"},{"taxonomy":"post_tag","embeddable":true,"href":"https:\/\/esteticaysalud.uy\/blog\/wp-json\/wp\/v2\/tags?post=2499"}],"curies":[{"name":"wp","href":"https:\/\/api.w.org\/{rel}","templated":true}]}}