{"id":2496,"date":"2026-04-30T00:27:17","date_gmt":"2026-04-30T00:27:17","guid":{"rendered":"https:\/\/esteticaysalud.uy\/blog\/?p=2496"},"modified":"2026-05-01T21:29:11","modified_gmt":"2026-05-01T21:29:11","slug":"el-ritmo-del-cabello","status":"publish","type":"post","link":"https:\/\/esteticaysalud.uy\/blog\/el-ritmo-del-cabello\/","title":{"rendered":"El ritmo del cabello"},"content":{"rendered":"<div class='booster-block booster-read-block'>\n                <div class=\"twp-read-time time-tx\">\n                \t<i class=\"booster-icon twp-clock\"><\/i> <span>Tiempo de lectura:<\/span>4 Minutos                <\/div>\n\n            <\/div>\n<h3 class=\"wp-block-heading\">Cada cu\u00e1nto conviene cortarse el pelo para que crezca sano.<\/h3>\n\n\n\n<p>Cuando alguien quiere dejarse crecer el pelo, suele aparecer la misma duda: si lo corto seguido, \u00bfcrece m\u00e1s r\u00e1pido? La respuesta corta es no. Cortar las puntas no acelera el crecimiento desde la ra\u00edz, porque el crecimiento ocurre en el cuero cabelludo y sigue su propio ciclo biol\u00f3gico. En promedio, el cabello crece entre 10 y 15 cent\u00edmetros por a\u00f1o, aunque eso puede variar seg\u00fan gen\u00e9tica, edad, salud general y cuidados diarios. Lo que s\u00ed hace un buen corte a tiempo es evitar que las puntas abiertas y el quiebre arruinen el largo que ya ganaste.<\/p>\n\n\n\n<h3 class=\"wp-block-heading\">Cortar no hace que crezca m\u00e1s r\u00e1pido, pero s\u00ed que se vea y se conserve mejor<\/h3>\n\n\n\n<p>Este es uno de los mitos m\u00e1s repetidos en peluquer\u00eda. El pelo no crece m\u00e1s por cortarlo, pero puede mantenerse m\u00e1s sano si se eliminan las puntas da\u00f1adas antes de que el quiebre suba por la fibra capilar. Cuando eso pasa, el cabello pierde forma, se afina en las puntas y parece que nunca avanza, aunque en realidad s\u00ed crezca. Por eso los recortes peri\u00f3dicos ayudan m\u00e1s a conservar el largo que a acelerarlo.<\/p>\n\n\n\n<h3 class=\"wp-block-heading\">No existe una frecuencia \u00fanica para todo el mundo<\/h3>\n\n\n\n<p>La frecuencia ideal depende del estado del cabello, del tipo de corte, de si est\u00e1 te\u00f1ido o procesado, de cu\u00e1nto calor recibe y de si el objetivo es mantener forma o ganar largo. Las recomendaciones generales suelen moverse en estos rangos: entre 6 y 8 semanas para cabello da\u00f1ado, te\u00f1ido o muy expuesto a calor; entre 8 y 10 semanas para pelo sano que necesita mantenimiento; y entre 8 y 12 semanas si lo est\u00e1s dejando crecer y las puntas se mantienen en buen estado.<\/p>\n\n\n\n<h3 class=\"wp-block-heading\">Si el pelo est\u00e1 da\u00f1ado, conviene no esperar demasiado<\/h3>\n\n\n\n<p>Cuando hay decoloraci\u00f3n, tintes frecuentes, alisados, planchita, secador o puntas muy castigadas, dejar pasar demasiado tiempo entre cortes suele empeorar el problema. En esos casos, las puntas se abren m\u00e1s f\u00e1cil y el cabello empieza a romperse, perdiendo densidad y aspecto saludable. Por eso, cuando hay da\u00f1o visible, el rango m\u00e1s razonable suele estar alrededor de las 6 a 8 semanas.<\/p>\n\n\n\n<h3 class=\"wp-block-heading\">Si lo est\u00e1s dejando crecer, pod\u00e9s espaciar m\u00e1s los cortes<\/h3>\n\n\n\n<p>Cuando el objetivo es ganar largo y el cabello est\u00e1 fuerte, no hace falta ir a la peluquer\u00eda cada mes. En general, puede funcionar bien un recorte cada 8 a 12 semanas, y a veces incluso algo m\u00e1s si las puntas siguen sanas. La clave no es cortar por calendario fijo, sino revisar si hay puntas abiertas, aspereza, quiebre o p\u00e9rdida de forma. Si el pelo se mantiene bien, se puede espaciar. Si empieza a deteriorarse, conviene intervenir antes.<\/p>\n\n\n\n<h3 class=\"wp-block-heading\">El pelo corto y el flequillo suelen pedir m\u00e1s mantenimiento<\/h3>\n\n\n\n<p>No todos los cortes se comportan igual. Los estilos cortos, definidos o con flequillo pierden forma m\u00e1s r\u00e1pido, aunque el cabello est\u00e9 sano. En esos casos, la visita al sal\u00f3n suele ser m\u00e1s frecuente, muchas veces cada 4 a 6 semanas, y a veces antes en el caso del flequillo. Ah\u00ed el corte no se hace tanto por salud capilar, sino por sostener la estructura del look.<\/p>\n\n\n\n<h3 class=\"wp-block-heading\">El cabello rizado tambi\u00e9n tiene sus tiempos<\/h3>\n\n\n\n<p>En pelo rizado o muy texturizado, la frecuencia puede variar bastante seg\u00fan la sequedad, la definici\u00f3n del corte y el nivel de da\u00f1o. Muchas gu\u00edas lo ubican entre 6 y 12 semanas. En algunos casos se puede espaciar m\u00e1s, pero si el rizo pierde forma o las puntas empiezan a resecarse demasiado, conviene no estirarlo tanto.<\/p>\n\n\n\n<h3 class=\"wp-block-heading\">Lo que hac\u00e9s entre corte y corte importa tanto como la tijera<\/h3>\n\n\n\n<p>No alcanza con cortarlo a tiempo si despu\u00e9s lo castig\u00e1s todos los d\u00edas. El cuidado diario influye much\u00edsimo en que el largo se conserve. Ser m\u00e1s amable con el pelo mojado, usar peine de dientes anchos, evitar calor excesivo, no abusar de procesos qu\u00edmicos y proteger la fibra con productos adecuados ayuda a que las puntas lleguen mejor al pr\u00f3ximo corte. Los dermat\u00f3logos insisten en que muchos h\u00e1bitos cotidianos da\u00f1an el cabello m\u00e1s de lo que se cree.<\/p>\n\n\n\n<h3 class=\"wp-block-heading\">La meta no es cortarlo mucho, sino cortarlo cuando hace falta<\/h3>\n\n\n\n<p>Una de las mejores formas de pensarlo es esta: no se trata de sacar largo por rutina, sino de recortar lo justo para evitar que el da\u00f1o avance. A veces eso es un corte m\u00e1s marcado. Otras veces alcanza con una limpieza m\u00ednima de puntas. Lo importante es que el cabello no llegue a un punto donde se rompe m\u00e1s de lo que crece. Ah\u00ed es cuando la sensaci\u00f3n de \u201cno me crece nunca\u201d se vuelve m\u00e1s frustrante.<\/p>\n\n\n\n<h3 class=\"wp-block-heading\">Para que crezca sano, el secreto est\u00e1 en el equilibrio<\/h3>\n\n\n\n<p>Si quer\u00e9s que el pelo crezca sano, no hace falta cortarlo compulsivamente ni dejarlo meses y meses sin tocar. Lo que mejor suele funcionar es un equilibrio: respetar el crecimiento natural del cabello, cuidar las puntas antes de que el da\u00f1o suba y adaptar la frecuencia seg\u00fan c\u00f3mo est\u00e1 realmente tu pelo. En la mayor\u00eda de los casos, un rango de 8 a 12 semanas funciona bien si el cabello est\u00e1 sano y quer\u00e9s dejarlo crecer; si est\u00e1 da\u00f1ado o muy procesado, conviene acortar m\u00e1s los tiempos.<\/p>\n","protected":false},"excerpt":{"rendered":"<p>Cada cu\u00e1nto conviene cortarse el pelo para que crezca sano. Cuando alguien quiere dejarse crecer el pelo, suele aparecer la misma duda: si lo corto seguido, \u00bfcrece m\u00e1s r\u00e1pido? La respuesta corta es no. Cortar las puntas no acelera el crecimiento desde la ra\u00edz, porque el crecimiento ocurre en el cuero cabelludo y sigue su [&hellip;]<\/p>\n","protected":false},"author":1,"featured_media":2497,"comment_status":"closed","ping_status":"closed","sticky":false,"template":"","format":"standard","meta":{"inline_featured_image":false,"footnotes":""},"categories":[280,1992,175],"tags":[3269,3222,3270,3268,3272,1231,3271,176,2620,2622],"class_list":["post-2496","post","type-post","status-publish","format-standard","has-post-thumbnail","hentry","category-belleza","category-cuidado-capilar","category-peluqueria","tag-cabello-largo","tag-corte-de-pelo","tag-corte-de-puntas","tag-crecimiento-del-cabello","tag-crecimiento-saludable","tag-cuidado-capilar","tag-pelo-sano","tag-peluqueria","tag-puntas-abiertas","tag-salud-del-cabello"],"_links":{"self":[{"href":"https:\/\/esteticaysalud.uy\/blog\/wp-json\/wp\/v2\/posts\/2496","targetHints":{"allow":["GET"]}}],"collection":[{"href":"https:\/\/esteticaysalud.uy\/blog\/wp-json\/wp\/v2\/posts"}],"about":[{"href":"https:\/\/esteticaysalud.uy\/blog\/wp-json\/wp\/v2\/types\/post"}],"author":[{"embeddable":true,"href":"https:\/\/esteticaysalud.uy\/blog\/wp-json\/wp\/v2\/users\/1"}],"replies":[{"embeddable":true,"href":"https:\/\/esteticaysalud.uy\/blog\/wp-json\/wp\/v2\/comments?post=2496"}],"version-history":[{"count":1,"href":"https:\/\/esteticaysalud.uy\/blog\/wp-json\/wp\/v2\/posts\/2496\/revisions"}],"predecessor-version":[{"id":2498,"href":"https:\/\/esteticaysalud.uy\/blog\/wp-json\/wp\/v2\/posts\/2496\/revisions\/2498"}],"wp:featuredmedia":[{"embeddable":true,"href":"https:\/\/esteticaysalud.uy\/blog\/wp-json\/wp\/v2\/media\/2497"}],"wp:attachment":[{"href":"https:\/\/esteticaysalud.uy\/blog\/wp-json\/wp\/v2\/media?parent=2496"}],"wp:term":[{"taxonomy":"category","embeddable":true,"href":"https:\/\/esteticaysalud.uy\/blog\/wp-json\/wp\/v2\/categories?post=2496"},{"taxonomy":"post_tag","embeddable":true,"href":"https:\/\/esteticaysalud.uy\/blog\/wp-json\/wp\/v2\/tags?post=2496"}],"curies":[{"name":"wp","href":"https:\/\/api.w.org\/{rel}","templated":true}]}}