{"id":2469,"date":"2026-04-26T00:27:20","date_gmt":"2026-04-26T00:27:20","guid":{"rendered":"https:\/\/esteticaysalud.uy\/blog\/?p=2469"},"modified":"2026-04-23T16:21:41","modified_gmt":"2026-04-23T16:21:41","slug":"borrar-huellas-del-sol","status":"publish","type":"post","link":"https:\/\/esteticaysalud.uy\/blog\/borrar-huellas-del-sol\/","title":{"rendered":"Borrar huellas del sol"},"content":{"rendered":"<div class='booster-block booster-read-block'>\n                <div class=\"twp-read-time time-tx\">\n                \t<i class=\"booster-icon twp-clock\"><\/i> <span>Tiempo de lectura:<\/span>5 Minutos                <\/div>\n\n            <\/div>\n<h3 class=\"wp-block-heading\">Tratamientos est\u00e9ticos que ayudan a borrar las huellas del verano en la piel.<\/h3>\n\n\n\n<p>Despu\u00e9s del verano, la piel muchas veces no queda igual que antes. Aunque haya habido protector solar, las altas temperaturas, el sol, el mar, el cloro y el viento suelen dejar se\u00f1ales bastante claras: manchas, textura m\u00e1s \u00e1spera, deshidrataci\u00f3n, tono apagado, poros m\u00e1s visibles y, en algunos casos, l\u00edneas finas que se notan m\u00e1s. El enfoque m\u00e1s repetido por dermatolog\u00eda est\u00e9tica es que, una vez baja la exposici\u00f3n solar intensa, se abre una etapa mucho m\u00e1s segura y efectiva para empezar a reparar ese da\u00f1o acumulado con tratamientos dirigidos.<\/p>\n\n\n\n<h3 class=\"wp-block-heading\">Qu\u00e9 suele dejar el verano en la piel<\/h3>\n\n\n\n<p>El problema no es solo el bronceado o la resequedad superficial. La exposici\u00f3n solar puede activar hiperpigmentaci\u00f3n, empeorar manchas previas, alterar la textura y favorecer signos de fotoenvejecimiento por da\u00f1o en col\u00e1geno y elastina. A eso se suman la deshidrataci\u00f3n, la p\u00e9rdida de luminosidad y, en algunas personas, m\u00e1s enrojecimiento o sensibilidad. Por eso, cuando termina la temporada de sol fuerte, muchas pieles necesitan algo m\u00e1s que crema humectante: necesitan una estrategia de recuperaci\u00f3n.<\/p>\n\n\n\n<h3 class=\"wp-block-heading\">Por qu\u00e9 no todos los tratamientos conviene hacerlos en pleno verano<\/h3>\n\n\n\n<p>Hay procedimientos que funcionan muy bien, pero que no son ideales cuando la radiaci\u00f3n solar es intensa o cuando la piel sigue expuesta al sol de forma frecuente. Los tratamientos m\u00e1s agresivos que generan descamaci\u00f3n importante o aumentan la fotosensibilidad suelen reservarse para momentos de menor exposici\u00f3n, porque de lo contrario pueden aumentar el riesgo de irritaci\u00f3n o pigmentaci\u00f3n indeseada. Por eso, el per\u00edodo posterior al verano suele considerarse una muy buena etapa para empezar a corregir da\u00f1o solar con m\u00e1s margen de seguridad.<\/p>\n\n\n\n<h3 class=\"wp-block-heading\">Peelings para renovar y mejorar la textura<\/h3>\n\n\n\n<p>Uno de los recursos cl\u00e1sicos para recuperar la piel despu\u00e9s del verano son los peelings. Su objetivo es favorecer la renovaci\u00f3n de las capas superficiales, mejorar la textura, devolver luminosidad y ayudar a atenuar manchas finas o marcas leves. Dependiendo de su intensidad, tambi\u00e9n pueden contribuir a suavizar l\u00edneas finas y dejar la piel m\u00e1s uniforme. No todos los peelings son iguales ni sirven para cualquier piel, por eso deben indicarse seg\u00fan el grado de sensibilidad, pigmentaci\u00f3n y tipo de da\u00f1o acumulado.<\/p>\n\n\n\n<h3 class=\"wp-block-heading\">L\u00e1ser e IPL para manchas y tono desigual<\/h3>\n\n\n\n<p>Cuando las manchas solares, el tono desparejo o ciertos signos de fotoenvejecimiento son m\u00e1s marcados, suelen aparecer opciones como l\u00e1seres e IPL. Estos tratamientos se usan para trabajar pigmentaci\u00f3n, mejorar la claridad del tono y, en algunos casos, estimular procesos de renovaci\u00f3n cut\u00e1nea m\u00e1s profundos. No son procedimientos para decidir a la ligera, pero bien indicados pueden ser muy \u00fatiles cuando el verano dej\u00f3 huellas visibles que no se resuelven solo con cosm\u00e9tica domiciliaria.<\/p>\n\n\n\n<h3 class=\"wp-block-heading\">Microneedling para textura y est\u00edmulo de col\u00e1geno<\/h3>\n\n\n\n<p>Otra alternativa que suele considerarse despu\u00e9s del verano es el microneedling. Este procedimiento busca estimular mecanismos de reparaci\u00f3n y producci\u00f3n de col\u00e1geno, ayudando a mejorar textura, poros y peque\u00f1as irregularidades. Suele usarse cuando la piel qued\u00f3 apagada, con aspecto cansado o con se\u00f1ales leves de da\u00f1o acumulado. Como en todos los tratamientos de consultorio, la indicaci\u00f3n correcta depende de la piel, del fototipo y de si hay manchas activas o sensibilidad importante.<\/p>\n\n\n\n<h3 class=\"wp-block-heading\">Hidrataci\u00f3n profunda para piel opaca y deshidratada<\/h3>\n\n\n\n<p>No todo tiene que resolverse con tecnolog\u00eda intensa. En muchas personas, lo primero que hace falta despu\u00e9s del verano es restaurar hidrataci\u00f3n. La exposici\u00f3n al sol, al calor y al agua salada o clorada puede dejar la piel reseca, tirante y sin brillo. En esos casos, los tratamientos orientados a rehidratar profundamente y devolver confort pueden ser una primera etapa muy l\u00f3gica antes de avanzar con procedimientos m\u00e1s intensos. La recuperaci\u00f3n de la barrera cut\u00e1nea suele ser clave para que cualquier tratamiento posterior funcione mejor.<\/p>\n\n\n\n<h3 class=\"wp-block-heading\">Limpieza profunda y exfoliaci\u00f3n suave para recuperar luminosidad<\/h3>\n\n\n\n<p>Cuando la piel queda opaca, congestionada o con sensaci\u00f3n de capa acumulada, una limpieza profunda bien indicada y una exfoliaci\u00f3n controlada pueden ayudar bastante. El objetivo no es irritar m\u00e1s, sino retirar c\u00e9lulas muertas, favorecer una superficie m\u00e1s uniforme y mejorar la absorci\u00f3n de los productos que se usen despu\u00e9s. En pieles sensibles, esto debe hacerse con criterio, porque una exfoliaci\u00f3n mal elegida puede empeorar rojeces o sequedad.<\/p>\n\n\n\n<h3 class=\"wp-block-heading\">No todo lo que deja el verano se trata igual<\/h3>\n\n\n\n<p>Ac\u00e1 est\u00e1 una de las claves m\u00e1s importantes. No es lo mismo tratar una piel deshidratada que una piel con melasma, una textura irregular, capilares visibles o un brote de sensibilidad. Tampoco es igual una piel joven con opacidad pasajera que una piel con a\u00f1os de fotoexposici\u00f3n acumulada. Por eso, hablar de \u201cel tratamiento ideal\u201d en singular suele ser una simplificaci\u00f3n. Lo correcto es mirar qu\u00e9 dej\u00f3 realmente el verano en cada caso y elegir el procedimiento seg\u00fan ese diagn\u00f3stico.<\/p>\n\n\n\n<h3 class=\"wp-block-heading\">El cuidado en casa sigue siendo parte del tratamiento<\/h3>\n\n\n\n<p>Los procedimientos de consultorio pueden ayudar mucho, pero no reemplazan una rutina b\u00e1sica bien hecha. Despu\u00e9s del verano, suele ser especialmente importante sostener limpieza suave, hidrataci\u00f3n constante y fotoprotecci\u00f3n alta. Seguir usando protector solar no es opcional, incluso si el verano ya pas\u00f3, porque una piel reci\u00e9n tratada o sensibilizada necesita todav\u00eda m\u00e1s cuidado frente a la radiaci\u00f3n. Sin esa base, cualquier mejora conseguida con un tratamiento se puede perder antes de tiempo.<\/p>\n\n\n\n<h3 class=\"wp-block-heading\">El mejor momento para reparar no siempre es cuando el da\u00f1o reci\u00e9n aparece<\/h3>\n\n\n\n<p>Muchas personas esperan a que la mancha se marque m\u00e1s, a que la piel se vea muy apagada o a que la textura empeore para reci\u00e9n consultar. Sin embargo, cuanto antes se aborda el da\u00f1o solar y la deshidrataci\u00f3n posverano, mejores suelen ser las respuestas. No porque haya que correr a hacerse todo, sino porque una intervenci\u00f3n oportuna suele permitir tratamientos m\u00e1s suaves y resultados m\u00e1s arm\u00f3nicos.<\/p>\n\n\n\n<h3 class=\"wp-block-heading\">Recuperar la piel despu\u00e9s del verano es posible, pero conviene hacerlo con criterio<\/h3>\n\n\n\n<p>Las huellas del verano no desaparecen todas con un solo producto ni con una sesi\u00f3n aislada. A veces hace falta combinar hidrataci\u00f3n, renovaci\u00f3n, tratamiento de manchas y mucha constancia en casa. La buena noticia es que s\u00ed existen recursos eficaces para mejorar tono, textura, luminosidad y signos de da\u00f1o solar, siempre que se elijan seg\u00fan la necesidad real de la piel y no solo por moda o impulso. Despu\u00e9s del verano, la piel pide reparaci\u00f3n. Y cuanto m\u00e1s inteligente sea ese cuidado, mejor se va a ver y a sentir.<\/p>\n","protected":false},"excerpt":{"rendered":"<p>Tratamientos est\u00e9ticos que ayudan a borrar las huellas del verano en la piel. Despu\u00e9s del verano, la piel muchas veces no queda igual que antes. Aunque haya habido protector solar, las altas temperaturas, el sol, el mar, el cloro y el viento suelen dejar se\u00f1ales bastante claras: manchas, textura m\u00e1s \u00e1spera, deshidrataci\u00f3n, tono apagado, poros [&hellip;]<\/p>\n","protected":false},"author":1,"featured_media":2470,"comment_status":"closed","ping_status":"closed","sticky":false,"template":"","format":"standard","meta":{"inline_featured_image":false,"footnotes":""},"categories":[23,1627,307],"tags":[3255,3258,2271,3256,677,3254,674,3253,3257,3252],"class_list":["post-2469","post","type-post","status-publish","format-standard","has-post-thumbnail","hentry","category-estetica","category-piel","category-prevencion","tag-dano-solar","tag-fotoenvejecimiento","tag-hidratacion-facial","tag-laser-facial","tag-luminosidad","tag-manchas-solares","tag-peeling","tag-piel-despues-del-verano","tag-textura-de-la-piel","tag-tratamientos-esteticos"],"_links":{"self":[{"href":"https:\/\/esteticaysalud.uy\/blog\/wp-json\/wp\/v2\/posts\/2469","targetHints":{"allow":["GET"]}}],"collection":[{"href":"https:\/\/esteticaysalud.uy\/blog\/wp-json\/wp\/v2\/posts"}],"about":[{"href":"https:\/\/esteticaysalud.uy\/blog\/wp-json\/wp\/v2\/types\/post"}],"author":[{"embeddable":true,"href":"https:\/\/esteticaysalud.uy\/blog\/wp-json\/wp\/v2\/users\/1"}],"replies":[{"embeddable":true,"href":"https:\/\/esteticaysalud.uy\/blog\/wp-json\/wp\/v2\/comments?post=2469"}],"version-history":[{"count":1,"href":"https:\/\/esteticaysalud.uy\/blog\/wp-json\/wp\/v2\/posts\/2469\/revisions"}],"predecessor-version":[{"id":2471,"href":"https:\/\/esteticaysalud.uy\/blog\/wp-json\/wp\/v2\/posts\/2469\/revisions\/2471"}],"wp:featuredmedia":[{"embeddable":true,"href":"https:\/\/esteticaysalud.uy\/blog\/wp-json\/wp\/v2\/media\/2470"}],"wp:attachment":[{"href":"https:\/\/esteticaysalud.uy\/blog\/wp-json\/wp\/v2\/media?parent=2469"}],"wp:term":[{"taxonomy":"category","embeddable":true,"href":"https:\/\/esteticaysalud.uy\/blog\/wp-json\/wp\/v2\/categories?post=2469"},{"taxonomy":"post_tag","embeddable":true,"href":"https:\/\/esteticaysalud.uy\/blog\/wp-json\/wp\/v2\/tags?post=2469"}],"curies":[{"name":"wp","href":"https:\/\/api.w.org\/{rel}","templated":true}]}}