{"id":2030,"date":"2026-01-08T00:27:55","date_gmt":"2026-01-08T00:27:55","guid":{"rendered":"https:\/\/esteticaysalud.uy\/blog\/?p=2030"},"modified":"2026-01-07T00:16:38","modified_gmt":"2026-01-07T00:16:38","slug":"silla-de-coche","status":"publish","type":"post","link":"https:\/\/esteticaysalud.uy\/blog\/silla-de-coche\/","title":{"rendered":"Silla de coche"},"content":{"rendered":"<div class='booster-block booster-read-block'>\n                <div class=\"twp-read-time time-tx\">\n                \t<i class=\"booster-icon twp-clock\"><\/i> <span>Tiempo de lectura:<\/span>3 Minutos                <\/div>\n\n            <\/div>\n<h3 class=\"wp-block-heading\">A qu\u00e9 edad termina la regla de las 2 horas en la silla de coche.<\/h3>\n\n\n\n<p class=\"wp-block-paragraph\">La llamada <strong>\u201cregla de las 2 horas\u201d<\/strong> es una recomendaci\u00f3n de seguridad que muchos expertos en salud infantil y fabricantes de sillas de coche difunden con el objetivo de proteger a los beb\u00e9s y a los ni\u00f1os peque\u00f1os mientras viajan. Esta regla no forma parte de una ley estricta, sino que es una <strong>gu\u00eda de uso recomendada por pediatras y especialistas en seguridad vial<\/strong>, dise\u00f1ada para minimizar riesgos asociados al uso prolongado de sillas de retenci\u00f3n infantil (SRI).<\/p>\n\n\n\n<h3 class=\"wp-block-heading\">Qu\u00e9 significa la \u201cregla de las 2 horas\u201d<\/h3>\n\n\n\n<p class=\"wp-block-paragraph\">La regla de las 2 horas establece que <strong>un beb\u00e9 o un ni\u00f1o peque\u00f1o no debe permanecer sentado m\u00e1s de dos horas continuas en su silla de coche<\/strong>. Este l\u00edmite aplica tanto para viajes dentro del autom\u00f3vil como cuando la silla se usa en un cochecito o sistema de viaje. La idea no es limitar el uso de la silla solo al coche, sino al tiempo continuo que pasa en una posici\u00f3n semirreclinada que puede ser restrictiva para su cuerpo y respiraci\u00f3n.<\/p>\n\n\n\n<p class=\"wp-block-paragraph\">Esta recomendaci\u00f3n tiene sentido porque las sillas de coche est\u00e1n dise\u00f1adas fundamentalmente para proteger al ni\u00f1o en caso de siniestro, <strong>no para ser un sustituto de superficies planas y firmes como una cuna<\/strong> o un mois\u00e9s donde el cuerpo del beb\u00e9 puede moverse, estirarse y descansar de forma adecuada.<\/p>\n\n\n\n<h3 class=\"wp-block-heading\">Cu\u00e1ndo se suele dejar de aplicar esta regla<\/h3>\n\n\n\n<p class=\"wp-block-paragraph\">No existe una edad fija y universal en la que la regla de las 2 horas \u201ctermine\u201d como un n\u00famero de a\u00f1os definido. En lugar de eso, la recomendaci\u00f3n se asocia al desarrollo del ni\u00f1o y a su capacidad para <strong>mantener el control de la cabeza y el cuello por s\u00ed mismo<\/strong>. Es decir, la regla se mantiene vigente <strong>hasta que el beb\u00e9 alcanza un nivel de desarrollo en el que puede sentarse sin apoyo y mantener la cabeza estable por per\u00edodos prolongados<\/strong>.<\/p>\n\n\n\n<p class=\"wp-block-paragraph\">Este hito suele ocurrir alrededor de los <strong>4 a 6 meses de edad<\/strong>, aunque cada beb\u00e9 es diferente y puede variar ligeramente. Es importante recordar que, incluso despu\u00e9s de superar este punto, se sigue recomendando hacer paradas frecuentes en trayectos largos para permitir que el ni\u00f1o salga de la silla, estire sus piernas y se mueva.<\/p>\n\n\n\n<h3 class=\"wp-block-heading\">Por qu\u00e9 es importante respetar esta norma<\/h3>\n\n\n\n<p class=\"wp-block-paragraph\">Aunque la silla de coche es indispensable para proteger al ni\u00f1o en caso de choque, <strong>el uso prolongado puede generar tensi\u00f3n muscular, presi\u00f3n en la columna y restricci\u00f3n de la respiraci\u00f3n<\/strong>, especialmente en los primeros meses cuando los m\u00fasculos del cuello y la espalda a\u00fan est\u00e1n en desarrollo.<\/p>\n\n\n\n<p class=\"wp-block-paragraph\">Por esta raz\u00f3n:<\/p>\n\n\n\n<ul class=\"wp-block-list\">\n<li><strong>Los reci\u00e9n nacidos y beb\u00e9s m\u00e1s peque\u00f1os<\/strong> deben viajar en sillas dise\u00f1adas espec\u00edficamente para su edad y tipo de cuerpo, preferentemente mirando hacia atr\u00e1s, que es la posici\u00f3n m\u00e1s segura.<\/li>\n\n\n\n<li><strong>Para trayectos largos<\/strong>, se recomienda hacer paradas al menos cada dos horas para quitar al beb\u00e9 de la silla, dejarlo estirar y cambiar de postura.<\/li>\n\n\n\n<li><strong>Un ni\u00f1o mayor que ya controla su cuello y puede sentarse con mayor estabilidad<\/strong> puede tolerar un tiempo algo mayor en la silla, pero siempre se contin\u00faa con buenas pr\u00e1cticas de seguridad y descansos.<\/li>\n<\/ul>\n\n\n\n<h3 class=\"wp-block-heading\">C\u00f3mo planificar viajes con ni\u00f1os<\/h3>\n\n\n\n<p class=\"wp-block-paragraph\">Cuando plane\u00e1s viajes largos:<\/p>\n\n\n\n<ul class=\"wp-block-list\">\n<li>Organiz\u00e1 paradas regulares cada 1,5\u20132 horas para sacar al ni\u00f1o de la silla. Esto permite que respire mejor, cambie de posici\u00f3n y se relaje fuera de la posici\u00f3n de viaje.<\/li>\n\n\n\n<li>Aprovech\u00e1 estas pausas para que el beb\u00e9 tome agua, se alimente o realice cambios de pa\u00f1al si es necesario.<\/li>\n<\/ul>\n\n\n\n<h3 class=\"wp-block-heading\">Conclusi\u00f3n<\/h3>\n\n\n\n<p class=\"wp-block-paragraph\">La regla de las 2 horas en la silla de coche no se trata de una edad espec\u00edfica en a\u00f1os, sino de <strong>una etapa de desarrollo<\/strong>: mientras el beb\u00e9 a\u00fan no puede sentarse con control de cabeza y cuello, es importante que no pase m\u00e1s de dos horas continuas en su silla. Esto ayuda a proteger su respiraci\u00f3n, circulaci\u00f3n y comodidad general.<\/p>\n\n\n\n<p class=\"wp-block-paragraph\">Respetar este l\u00edmite, junto con paradas frecuentes en viajes largos, contribuye a un transporte m\u00e1s seguro, c\u00f3modo y saludable para los m\u00e1s peque\u00f1os.<\/p>\n","protected":false},"excerpt":{"rendered":"<p>A qu\u00e9 edad termina la regla de las 2 horas en la silla de coche. La llamada \u201cregla de las 2 horas\u201d es una recomendaci\u00f3n de seguridad que muchos expertos en salud infantil y fabricantes de sillas de coche difunden con el objetivo de proteger a los beb\u00e9s y a los ni\u00f1os peque\u00f1os mientras viajan. [&hellip;]<\/p>\n","protected":false},"author":1,"featured_media":2031,"comment_status":"closed","ping_status":"closed","sticky":false,"template":"","format":"standard","meta":{"inline_featured_image":false,"footnotes":""},"categories":[2027,2533,2532],"tags":[2523,2529,2528,2527,123,2522,2524,2531,2521,2525,2530,2526],"class_list":["post-2030","post","type-post","status-publish","format-standard","has-post-thumbnail","hentry","category-bebes","category-paternidad","category-seguridad-infantil","tag-bebe-seguro","tag-bebes","tag-cuidados-bebe","tag-desarrollo-infantil","tag-ninos","tag-regla-dos-horas","tag-seguridad-vial","tag-silla-auto","tag-silla-de-coche","tag-sillas-de-retencion-infantil","tag-sillas-infantiles","tag-viajes-con-bebe"],"_links":{"self":[{"href":"https:\/\/esteticaysalud.uy\/blog\/wp-json\/wp\/v2\/posts\/2030","targetHints":{"allow":["GET"]}}],"collection":[{"href":"https:\/\/esteticaysalud.uy\/blog\/wp-json\/wp\/v2\/posts"}],"about":[{"href":"https:\/\/esteticaysalud.uy\/blog\/wp-json\/wp\/v2\/types\/post"}],"author":[{"embeddable":true,"href":"https:\/\/esteticaysalud.uy\/blog\/wp-json\/wp\/v2\/users\/1"}],"replies":[{"embeddable":true,"href":"https:\/\/esteticaysalud.uy\/blog\/wp-json\/wp\/v2\/comments?post=2030"}],"version-history":[{"count":1,"href":"https:\/\/esteticaysalud.uy\/blog\/wp-json\/wp\/v2\/posts\/2030\/revisions"}],"predecessor-version":[{"id":2032,"href":"https:\/\/esteticaysalud.uy\/blog\/wp-json\/wp\/v2\/posts\/2030\/revisions\/2032"}],"wp:featuredmedia":[{"embeddable":true,"href":"https:\/\/esteticaysalud.uy\/blog\/wp-json\/wp\/v2\/media\/2031"}],"wp:attachment":[{"href":"https:\/\/esteticaysalud.uy\/blog\/wp-json\/wp\/v2\/media?parent=2030"}],"wp:term":[{"taxonomy":"category","embeddable":true,"href":"https:\/\/esteticaysalud.uy\/blog\/wp-json\/wp\/v2\/categories?post=2030"},{"taxonomy":"post_tag","embeddable":true,"href":"https:\/\/esteticaysalud.uy\/blog\/wp-json\/wp\/v2\/tags?post=2030"}],"curies":[{"name":"wp","href":"https:\/\/api.w.org\/{rel}","templated":true}]}}